{"id":2048,"date":"2025-10-03T16:16:39","date_gmt":"2025-10-03T16:16:39","guid":{"rendered":"https:\/\/www.alveria.it\/?p=2048"},"modified":"2025-10-20T14:58:05","modified_gmt":"2025-10-20T14:58:05","slug":"mais-et-reorganisations-dentreprises-lefficacite-de-la-plateforme-hcms-dans-la-phase-de-mise-en-oeuvre-2048","status":"publish","type":"post","link":"https:\/\/www.alveria.it\/fr\/2025\/10\/03\/ma-e-riorganizzazioni-aziendali-lefficacia-della-piattaforma-hcms-nella-fase-esecutiva-2048\/","title":{"rendered":"R\u00c9ORGANISATIONS DE CADRES ET D'ENTREPRISES : L'EFFICACIT\u00c9 DE LA PLATEFORME HCMS DANS LA PHASE D'EX\u00c9CUTION"},"content":{"rendered":"<h2><strong>POURQUOI PARTICIPER AU WEBINAIRE ? <\/strong><\/h2>\n<p>D\u00e9couvrez comment transformer les op\u00e9rations complexes de fusion et d'acquisition, les carve-ins et les r\u00e9organisations d'entreprises en processus fluides, s\u00e9curis\u00e9s et structur\u00e9s gr\u00e2ce \u00e0 la plateforme HCMS et au module Organisational Campaigns (campagnes organisationnelles).<\/p>\n<p>Pendant le webinaire, vous verrez des outils num\u00e9riques avanc\u00e9s en action qui peuvent<\/p>\n<ul>\n<li><strong> Optimiser le temps et les ressources<\/strong><\/li>\n<li><strong>Garantir l'exactitude des donn\u00e9es<\/strong><\/li>\n<li><strong>Soutenir les d\u00e9cisions strat\u00e9giques gr\u00e2ce \u00e0 des informations en temps r\u00e9el<\/strong><\/li>\n<li><strong>Soutenir une croissance coh\u00e9rente et \u00e9volutive<\/strong><\/li>\n<\/ul>\n<h3><strong>QUAND<\/strong><\/h3>\n<h4><strong>S\u00e9minaire d'italien<\/strong><\/h4>\n<ul>\n<li>27 novembre - 17:00 - 18:00 heures \u2192<a href=\"https:\/\/events.teams.microsoft.com\/event\/ca8bc89a-7e63-40fa-83c9-694e47c3d653@5392faac-bd31-4c7e-a612-054c54dc7ed6\"> <strong>JOINDRE<\/strong><\/a><\/li>\n<\/ul>\n<h4><strong>S\u00e9minaire en anglais<\/strong><\/h4>\n<ul>\n<li>28 novembre - 17:00 - 18:00 heures \u2192 <strong>JOINDRE<\/strong><\/li>\n<\/ul>\n<h3><strong>Ce que vous verrez en d\u00e9tail<\/strong><\/h3>\n<p>Lorsque les organisations grandissent et se d\u00e9veloppent \u00e0 plusieurs niveaux, les campagnes organisationnelles deviennent un outil strat\u00e9gique pour engager les personnes, suivre les initiatives HR et assurer la coh\u00e9rence des actions. Dans ce webinaire, vous d\u00e9couvrirez comment planifier, lancer et suivre efficacement des campagnes structur\u00e9es avec le soutien des solutions num\u00e9riques HCMS.<\/p>\n<h4><strong>1 - Vue d'ensemble des campagnes organisationnelles<\/strong><\/h4>\n<p>Comment structurer et lancer des campagnes et\/ou des processus de r\u00e9organisation d'entreprise efficaces et s\u00fbrs ?<\/p>\n<h4><strong>2 - Automatisation et surveillance des processus<\/strong><\/h4>\n<p>Outils permettant d'optimiser le temps et de r\u00e9duire les risques d'incoh\u00e9rence et de manque de coh\u00e9rence des informations dans les environnements de production.<\/p>\n<h4><strong>3 - Gestion des donn\u00e9es et perspectives strat\u00e9giques<\/strong><\/h4>\n<p>Des tableaux de bord et des rapports pour soutenir les d\u00e9cisions fond\u00e9es sur des donn\u00e9es.<\/p>\n<h4><strong>4 - Cas d'utilisation<\/strong><\/h4>\n<p>Exemples pratiques de mise en \u0153uvre de campagnes.<\/p>\n<h4><strong>5 - Questions et r\u00e9ponses en direct<\/strong><\/h4>\n<p>Questions et r\u00e9flexions avec nos experts.<\/p>\n<h3><strong>REPORTER <\/strong><\/h3>\n<h4><strong>S\u00e9minaire d'italien :<\/strong><\/h4>\n<p><a href=\"https:\/\/www.linkedin.com\/in\/corradodelvescovo\/?originalSubdomain=it\"><strong>Corrado Del Vescovo<\/strong> <\/a>- CRO <a href=\"https:\/\/www.alveria.it\/fr\/\">Alveria<\/a><\/p>\n<p><strong><a href=\"https:\/\/www.linkedin.com\/in\/filippo-cannavo-837125293\/\">Filippo Cannav\u00f2<\/a> <\/strong>- Responsable HRO Service et formation Alveria<\/p>\n<p><a href=\"https:\/\/www.linkedin.com\/in\/francesco-angelino-79a184189\/?originalSubdomain=it\"><strong>Francesco Angelino<\/strong><\/a> - Chef de projet<a href=\"https:\/\/www.alveria.it\/fr\/\"> Alveria<\/a><\/p>\n<h4><strong>S\u00e9minaire en anglais :<\/strong><\/h4>\n<p><a href=\"https:\/\/www.linkedin.com\/in\/corradodelvescovo\/?originalSubdomain=it\"><strong>Corrado Del Vescovo<\/strong> <\/a>- CRO <a href=\"https:\/\/www.alveria.it\/fr\/\">Alveria<\/a><\/p>\n<p><strong><a href=\"https:\/\/www.linkedin.com\/in\/filippo-cannavo-837125293\/\">Filippo Cannav\u00f2<\/a> <\/strong>- Responsable HRO Service et formation Alveria<\/p>\n<h3><strong>A QUI S'ADRESSE LE WEBINAIRE ? <\/strong><\/h3>\n<p>Responsables HR, responsables des ressources humaines, responsables organisation HRIS, directeurs informatiques, chefs de projet informatique.<\/p>\n<h4><strong>VOUS POURRIEZ \u00caTRE INT\u00c9RESS\u00c9 PAR <\/strong><\/h4>\n<ul>\n<li><a href=\"https:\/\/www.hcms.it\/fr\/employee-advanced-book\/\"><strong>VAE<\/strong><\/a><\/li>\n<li><a href=\"https:\/\/www.hcms.it\/organization\/\"><strong>Organisation <\/strong><\/a><\/li>\n<li><a href=\"https:\/\/www.hcms.it\/fr\/org-view\/\"><strong>Vue d'ensemble<\/strong><\/a><\/li>\n<\/ul>\n<h3>Derniers messages<\/h3>\n<ul>\n<li class=\"post format-\"><a href=\"https:\/\/www.alveria.it\/fr\/2024\/05\/12\/outils-de-rh-quels-sont-les-meilleurs-1267\/\"><img loading=\"lazy\" decoding=\"async\" class=\"scale-with-grid wp-post-image\" src=\"https:\/\/www.alveria.it\/wp-content\/uploads\/2024\/05\/Tools-per-hr-quali-sono-i-migliori-1.jpg\" sizes=\"auto, (max-width:767px) 480px, (max-width:1220px) 100vw, 1220px\" srcset=\"https:\/\/www.alveria.it\/wp-content\/uploads\/2024\/05\/Tools-per-hr-quali-sono-i-migliori-1.jpg 1280w, https:\/\/www.alveria.it\/wp-content\/uploads\/2024\/05\/Tools-per-hr-quali-sono-i-migliori-1-500x281.jpg 500w, https:\/\/www.alveria.it\/wp-content\/uploads\/2024\/05\/Tools-per-hr-quali-sono-i-migliori-1-1200x675.jpg 1200w, https:\/\/www.alveria.it\/wp-content\/uploads\/2024\/05\/Tools-per-hr-quali-sono-i-migliori-1-300x169.jpg 300w, https:\/\/www.alveria.it\/wp-content\/uploads\/2024\/05\/Tools-per-hr-quali-sono-i-migliori-1-768x432.jpg 768w, https:\/\/www.alveria.it\/wp-content\/uploads\/2024\/05\/Tools-per-hr-quali-sono-i-migliori-1-18x10.jpg 18w, https:\/\/www.alveria.it\/wp-content\/uploads\/2024\/05\/Tools-per-hr-quali-sono-i-migliori-1-133x75.jpg 133w, https:\/\/www.alveria.it\/wp-content\/uploads\/2024\/05\/Tools-per-hr-quali-sono-i-migliori-1-480x270.jpg 480w\" alt=\"\" width=\"1220\" height=\"686\" \/><span class=\"c\">0<\/span><strong>Num\u00e9risation<\/strong><br \/>\n<\/a><\/p>\n<h6>Outils RH : quels sont les meilleurs ?<\/h6>\n<p><span class=\"date\">12 mai 2024<\/span><\/li>\n<li class=\"post format-\"><a href=\"https:\/\/www.alveria.it\/fr\/2024\/03\/20\/les-rh-et-levolution-de-la-gestion-des-ressources-humaines-2\/\"><img loading=\"lazy\" decoding=\"async\" class=\"scale-with-grid wp-post-image\" src=\"https:\/\/www.alveria.it\/wp-content\/uploads\/2024\/03\/Hr-e-Ai-levoluzione-che-passa-dalla-gestione-delle-risorse-umane.jpg\" sizes=\"auto, (max-width:767px) 480px, (max-width:1220px) 100vw, 1220px\" srcset=\"https:\/\/www.alveria.it\/wp-content\/uploads\/2024\/03\/Hr-e-Ai-levoluzione-che-passa-dalla-gestione-delle-risorse-umane.jpg 1280w, https:\/\/www.alveria.it\/wp-content\/uploads\/2024\/03\/Hr-e-Ai-levoluzione-che-passa-dalla-gestione-delle-risorse-umane-500x281.jpg 500w, https:\/\/www.alveria.it\/wp-content\/uploads\/2024\/03\/Hr-e-Ai-levoluzione-che-passa-dalla-gestione-delle-risorse-umane-1200x675.jpg 1200w, https:\/\/www.alveria.it\/wp-content\/uploads\/2024\/03\/Hr-e-Ai-levoluzione-che-passa-dalla-gestione-delle-risorse-umane-300x169.jpg 300w, https:\/\/www.alveria.it\/wp-content\/uploads\/2024\/03\/Hr-e-Ai-levoluzione-che-passa-dalla-gestione-delle-risorse-umane-768x432.jpg 768w, https:\/\/www.alveria.it\/wp-content\/uploads\/2024\/03\/Hr-e-Ai-levoluzione-che-passa-dalla-gestione-delle-risorse-umane-18x10.jpg 18w, https:\/\/www.alveria.it\/wp-content\/uploads\/2024\/03\/Hr-e-Ai-levoluzione-che-passa-dalla-gestione-delle-risorse-umane-133x75.jpg 133w, https:\/\/www.alveria.it\/wp-content\/uploads\/2024\/03\/Hr-e-Ai-levoluzione-che-passa-dalla-gestione-delle-risorse-umane-480x270.jpg 480w\" alt=\"\" width=\"1220\" height=\"686\" \/><span class=\"c\">0<\/span><strong>Ressources humaines<\/strong><br \/>\n<\/a><\/p>\n<h6>RH et IA : l'\u00e9volution \u00e0 travers la gestion des ressources humaines<\/h6>\n<p><span class=\"date\">20 mars 2024<\/span><\/li>\n<li class=\"post format-\"><a href=\"https:\/\/www.alveria.it\/fr\/2024\/02\/22\/les-frontieres-de-lexperience-des-salaries-comparaison-des-meilleures-pratiques\/\"><img loading=\"lazy\" decoding=\"async\" class=\"scale-with-grid wp-post-image\" src=\"https:\/\/www.alveria.it\/wp-content\/uploads\/2024\/02\/Le-frontiere-dellemployee-experience-best-practice-a-confronto.jpg\" sizes=\"auto, (max-width:767px) 480px, (max-width:1220px) 100vw, 1220px\" srcset=\"https:\/\/www.alveria.it\/wp-content\/uploads\/2024\/02\/Le-frontiere-dellemployee-experience-best-practice-a-confronto.jpg 1280w, https:\/\/www.alveria.it\/wp-content\/uploads\/2024\/02\/Le-frontiere-dellemployee-experience-best-practice-a-confronto-500x281.jpg 500w, https:\/\/www.alveria.it\/wp-content\/uploads\/2024\/02\/Le-frontiere-dellemployee-experience-best-practice-a-confronto-1200x675.jpg 1200w, https:\/\/www.alveria.it\/wp-content\/uploads\/2024\/02\/Le-frontiere-dellemployee-experience-best-practice-a-confronto-300x169.jpg 300w, https:\/\/www.alveria.it\/wp-content\/uploads\/2024\/02\/Le-frontiere-dellemployee-experience-best-practice-a-confronto-768x432.jpg 768w, https:\/\/www.alveria.it\/wp-content\/uploads\/2024\/02\/Le-frontiere-dellemployee-experience-best-practice-a-confronto-18x10.jpg 18w, https:\/\/www.alveria.it\/wp-content\/uploads\/2024\/02\/Le-frontiere-dellemployee-experience-best-practice-a-confronto-133x75.jpg 133w, https:\/\/www.alveria.it\/wp-content\/uploads\/2024\/02\/Le-frontiere-dellemployee-experience-best-practice-a-confronto-480x270.jpg 480w\" alt=\"\" width=\"1220\" height=\"686\" \/><span class=\"c\">0<\/span><strong>Ressources humaines<\/strong><br \/>\n<\/a><\/p>\n<h6>Fronti\u00e8res de l'exp\u00e9rience des employ\u00e9s : comparaison des meilleures pratiques<\/h6>\n<p><span class=\"date\">22 f\u00e9vrier 2024<\/span><\/li>\n<\/ul>\n<h3>Rechercher ici<\/h3>\n<p>.path{fill:none;stroke-miterlimit:10;stroke-width:1.5px;}<br \/>\n<span class=\"mfn-close-icon icon_close\" tabindex=\"0\"><span class=\"icon\">\u2715<\/span><\/span><\/p>\n<h3>Tags populaires<\/h3>\n<p><a class=\"tag-cloud-link tag-link-44 tag-link-position-1\" style=\"font-size: 22pt;\" href=\"https:\/\/www.alveria.it\/fr\/etiquette\/article\/\" aria-label=\"Article (6 items)\">Article<\/a><br \/>\n<a class=\"tag-cloud-link tag-link-45 tag-link-position-2\" style=\"font-size: 18.181818181818pt;\" href=\"https:\/\/www.alveria.it\/fr\/etiquette\/etude-de-cas\/\" aria-label=\"\u00c9tude de cas (4 \u00e9l\u00e9ments)\">\u00c9tude de cas<\/a><br \/>\n<a class=\"tag-cloud-link tag-link-46 tag-link-position-3\" style=\"font-size: 15.636363636364pt;\" href=\"https:\/\/www.alveria.it\/fr\/etiquette\/en-presence\/\" aria-label=\"Pr\u00e9sents (3 \u00e9l\u00e9ments)\">En pr\u00e9sence<\/a><br \/>\n<a class=\"tag-cloud-link tag-link-52 tag-link-position-4\" style=\"font-size: 20.218181818182pt;\" href=\"https:\/\/www.alveria.it\/fr\/etiquette\/dans-la-presence-en-ligne\/\" aria-label=\"En pr\u00e9sence\/en ligne (5 \u00e9l\u00e9ments)\">En pr\u00e9sence\/en ligne<\/a><br \/>\n<a class=\"tag-cloud-link tag-link-47 tag-link-position-5\" style=\"font-size: 8pt;\" href=\"https:\/\/www.alveria.it\/fr\/etiquette\/en-ligne\/\" aria-label=\"En ligne (1 article)\">En ligne<\/a><\/p>\n<p class=\"title\">CONSEIL, FORMATION \u00c0 LA NUM\u00c9RISATION DES RESSOURCES HUMAINES ET SOLUTIONS D'ENTREPRISE D\u00c9COUVREZ LA M\u00c9THODE ALVERIA ET PR\u00c9PAREZ-VOUS AU CHANGEMENT.<\/p>\n<p><a class=\"button  button_size_2 button_dark\" title=\"\" href=\"\/fr\/contacts\/\"><span class=\"button_label\">DEMANDER PLUS D'INFORMATIONS<\/span><\/a><\/p>","protected":false},"excerpt":{"rendered":"<p>Webinar &#8220;Alveria Talks&#8221;: M&#038;A e riorganizzazioni aziendali<\/p>","protected":false},"author":2,"featured_media":2052,"comment_status":"open","ping_status":"open","sticky":false,"template":"","format":"standard","meta":{"iawp_total_views":287,"footnotes":""},"categories":[37],"tags":[47],"class_list":["post-2048","post","type-post","status-publish","format-standard","has-post-thumbnail","hentry","category-eventi","tag-on-line"],"yoast_head":"<!-- This site is optimized with the Yoast SEO plugin v27.5 - https:\/\/yoast.com\/product\/yoast-seo-wordpress\/ -->\n<title>Webinar: M&amp;A e riorganizzazioni aziendali<\/title>\n<meta name=\"description\" content=\"Scopri come trasformare operazioni complesse di M&amp;A, carve-in e riorganizzazioni aziendali in processi fluidi, sicuri e strutturati.\" \/>\n<meta name=\"robots\" content=\"index, follow, max-snippet:-1, max-image-preview:large, max-video-preview:-1\" \/>\n<link rel=\"canonical\" href=\"https:\/\/www.alveria.it\/fr\/?p=2048\" \/>\n<meta property=\"og:locale\" content=\"fr_FR\" \/>\n<meta property=\"og:type\" content=\"article\" \/>\n<meta property=\"og:title\" content=\"Webinar: M&amp;A e riorganizzazioni aziendali\" \/>\n<meta property=\"og:description\" content=\"Scopri come trasformare operazioni complesse di M&amp;A, carve-in e riorganizzazioni aziendali in processi fluidi, sicuri e strutturati.\" \/>\n<meta property=\"og:url\" content=\"https:\/\/www.alveria.it\/fr\/?p=2048\" \/>\n<meta property=\"og:site_name\" content=\"Alveria - Consulting, Training and Solutions\" \/>\n<meta property=\"article:published_time\" content=\"-0001-11-30T00:00:00+00:00\" \/>\n<meta property=\"article:modified_time\" content=\"2025-10-20T14:58:05+00:00\" \/>\n<meta property=\"og:image\" content=\"https:\/\/www.alveria.it\/wp-content\/uploads\/2025\/08\/MA.jpg\" \/>\n\t<meta property=\"og:image:width\" content=\"1280\" \/>\n\t<meta property=\"og:image:height\" content=\"720\" \/>\n\t<meta property=\"og:image:type\" content=\"image\/jpeg\" \/>\n<meta name=\"author\" content=\"Roberta Sardo\" \/>\n<meta name=\"twitter:card\" content=\"summary_large_image\" \/>\n<meta name=\"twitter:label1\" content=\"\u00c9crit par\" \/>\n\t<meta name=\"twitter:data1\" content=\"Roberta Sardo\" \/>\n\t<meta name=\"twitter:label2\" content=\"Dur\u00e9e de lecture estim\u00e9e\" \/>\n\t<meta name=\"twitter:data2\" content=\"3 minutes\" \/>\n<script type=\"application\/ld+json\" class=\"yoast-schema-graph\">{\"@context\":\"https:\\\/\\\/schema.org\",\"@graph\":[{\"@type\":\"Article\",\"@id\":\"https:\\\/\\\/www.alveria.it\\\/?p=2048#article\",\"isPartOf\":{\"@id\":\"https:\\\/\\\/www.alveria.it\\\/?p=2048\"},\"author\":{\"name\":\"Roberta Sardo\",\"@id\":\"https:\\\/\\\/www.alveria.it\\\/#\\\/schema\\\/person\\\/eb1f5cf33748eda0a88012759920cf51\"},\"headline\":\"M&amp;A E RIORGANIZZAZIONI AZIENDALI: L\u2019EFFICACIA DELLA PIATTAFORMA HCMS NELLA FASE ESECUTIVA\",\"datePublished\":\"-0001-11-30T00:00:00+00:00\",\"dateModified\":\"2025-10-20T14:58:05+00:00\",\"mainEntityOfPage\":{\"@id\":\"https:\\\/\\\/www.alveria.it\\\/?p=2048\"},\"wordCount\":374,\"commentCount\":0,\"publisher\":{\"@id\":\"https:\\\/\\\/www.alveria.it\\\/#organization\"},\"image\":{\"@id\":\"https:\\\/\\\/www.alveria.it\\\/?p=2048#primaryimage\"},\"thumbnailUrl\":\"https:\\\/\\\/www.alveria.it\\\/wp-content\\\/uploads\\\/2025\\\/08\\\/MA.jpg\",\"keywords\":[\"On Line\"],\"articleSection\":[\"Eventi\"],\"inLanguage\":\"fr-FR\",\"potentialAction\":[{\"@type\":\"CommentAction\",\"name\":\"Comment\",\"target\":[\"https:\\\/\\\/www.alveria.it\\\/?p=2048#respond\"]}]},{\"@type\":\"WebPage\",\"@id\":\"https:\\\/\\\/www.alveria.it\\\/?p=2048\",\"url\":\"https:\\\/\\\/www.alveria.it\\\/?p=2048\",\"name\":\"Webinar: M&A e riorganizzazioni aziendali\",\"isPartOf\":{\"@id\":\"https:\\\/\\\/www.alveria.it\\\/#website\"},\"primaryImageOfPage\":{\"@id\":\"https:\\\/\\\/www.alveria.it\\\/?p=2048#primaryimage\"},\"image\":{\"@id\":\"https:\\\/\\\/www.alveria.it\\\/?p=2048#primaryimage\"},\"thumbnailUrl\":\"https:\\\/\\\/www.alveria.it\\\/wp-content\\\/uploads\\\/2025\\\/08\\\/MA.jpg\",\"datePublished\":\"-0001-11-30T00:00:00+00:00\",\"dateModified\":\"2025-10-20T14:58:05+00:00\",\"description\":\"Scopri come trasformare operazioni complesse di M&A, carve-in e riorganizzazioni aziendali in processi fluidi, sicuri e strutturati.\",\"breadcrumb\":{\"@id\":\"https:\\\/\\\/www.alveria.it\\\/?p=2048#breadcrumb\"},\"inLanguage\":\"fr-FR\",\"potentialAction\":[{\"@type\":\"ReadAction\",\"target\":[\"https:\\\/\\\/www.alveria.it\\\/?p=2048\"]}]},{\"@type\":\"ImageObject\",\"inLanguage\":\"fr-FR\",\"@id\":\"https:\\\/\\\/www.alveria.it\\\/?p=2048#primaryimage\",\"url\":\"https:\\\/\\\/www.alveria.it\\\/wp-content\\\/uploads\\\/2025\\\/08\\\/MA.jpg\",\"contentUrl\":\"https:\\\/\\\/www.alveria.it\\\/wp-content\\\/uploads\\\/2025\\\/08\\\/MA.jpg\",\"width\":1280,\"height\":720,\"caption\":\"M&A\"},{\"@type\":\"BreadcrumbList\",\"@id\":\"https:\\\/\\\/www.alveria.it\\\/?p=2048#breadcrumb\",\"itemListElement\":[{\"@type\":\"ListItem\",\"position\":1,\"name\":\"Home\",\"item\":\"https:\\\/\\\/www.alveria.it\\\/\"},{\"@type\":\"ListItem\",\"position\":2,\"name\":\"M&amp;A E RIORGANIZZAZIONI AZIENDALI: L\u2019EFFICACIA DELLA PIATTAFORMA HCMS NELLA FASE ESECUTIVA\"}]},{\"@type\":\"WebSite\",\"@id\":\"https:\\\/\\\/www.alveria.it\\\/#website\",\"url\":\"https:\\\/\\\/www.alveria.it\\\/\",\"name\":\"Alveria - Consulting, Training and Solutions\",\"description\":\"Alveria - Consulting, Training and Solutions\",\"publisher\":{\"@id\":\"https:\\\/\\\/www.alveria.it\\\/#organization\"},\"potentialAction\":[{\"@type\":\"SearchAction\",\"target\":{\"@type\":\"EntryPoint\",\"urlTemplate\":\"https:\\\/\\\/www.alveria.it\\\/?s={search_term_string}\"},\"query-input\":{\"@type\":\"PropertyValueSpecification\",\"valueRequired\":true,\"valueName\":\"search_term_string\"}}],\"inLanguage\":\"fr-FR\"},{\"@type\":\"Organization\",\"@id\":\"https:\\\/\\\/www.alveria.it\\\/#organization\",\"name\":\"Alveria - Consulting, Training and Solutions\",\"url\":\"https:\\\/\\\/www.alveria.it\\\/\",\"logo\":{\"@type\":\"ImageObject\",\"inLanguage\":\"fr-FR\",\"@id\":\"https:\\\/\\\/www.alveria.it\\\/#\\\/schema\\\/logo\\\/image\\\/\",\"url\":\"https:\\\/\\\/www.alveria.it\\\/wp-content\\\/uploads\\\/2023\\\/12\\\/logo_alveria_normal.svg\",\"contentUrl\":\"https:\\\/\\\/www.alveria.it\\\/wp-content\\\/uploads\\\/2023\\\/12\\\/logo_alveria_normal.svg\",\"caption\":\"Alveria - Consulting, Training and Solutions\"},\"image\":{\"@id\":\"https:\\\/\\\/www.alveria.it\\\/#\\\/schema\\\/logo\\\/image\\\/\"}},{\"@type\":\"Person\",\"@id\":\"https:\\\/\\\/www.alveria.it\\\/#\\\/schema\\\/person\\\/eb1f5cf33748eda0a88012759920cf51\",\"name\":\"Roberta Sardo\",\"image\":{\"@type\":\"ImageObject\",\"inLanguage\":\"fr-FR\",\"@id\":\"https:\\\/\\\/secure.gravatar.com\\\/avatar\\\/ffcbd455e7188a9cd16a40170583f8cd2979477ef912fe334fb7d03ea74580c4?s=96&d=mm&r=g\",\"url\":\"https:\\\/\\\/secure.gravatar.com\\\/avatar\\\/ffcbd455e7188a9cd16a40170583f8cd2979477ef912fe334fb7d03ea74580c4?s=96&d=mm&r=g\",\"contentUrl\":\"https:\\\/\\\/secure.gravatar.com\\\/avatar\\\/ffcbd455e7188a9cd16a40170583f8cd2979477ef912fe334fb7d03ea74580c4?s=96&d=mm&r=g\",\"caption\":\"Roberta Sardo\"}}]}<\/script>\n<!-- \/ Yoast SEO plugin. -->","yoast_head_json":{"title":"Webinaire : Fusions et acquisitions et r\u00e9organisations d'entreprises","description":"Apprenez \u00e0 transformer des op\u00e9rations complexes de fusion et d'acquisition, de d\u00e9coupage et de r\u00e9organisation d'entreprises en processus fluides, s\u00fbrs et structur\u00e9s.","robots":{"index":"index","follow":"follow","max-snippet":"max-snippet:-1","max-image-preview":"max-image-preview:large","max-video-preview":"max-video-preview:-1"},"canonical":"https:\/\/www.alveria.it\/fr\/?p=2048","og_locale":"fr_FR","og_type":"article","og_title":"Webinar: M&A e riorganizzazioni aziendali","og_description":"Scopri come trasformare operazioni complesse di M&A, carve-in e riorganizzazioni aziendali in processi fluidi, sicuri e strutturati.","og_url":"https:\/\/www.alveria.it\/fr\/?p=2048","og_site_name":"Alveria - Consulting, Training and Solutions","article_published_time":"-0001-11-30T00:00:00+00:00","article_modified_time":"2025-10-20T14:58:05+00:00","og_image":[{"width":1280,"height":720,"url":"https:\/\/www.alveria.it\/wp-content\/uploads\/2025\/08\/MA.jpg","type":"image\/jpeg"}],"author":"Roberta Sardo","twitter_card":"summary_large_image","twitter_misc":{"\u00c9crit par":"Roberta Sardo","Dur\u00e9e de lecture estim\u00e9e":"3 minutes"},"schema":{"@context":"https:\/\/schema.org","@graph":[{"@type":"Article","@id":"https:\/\/www.alveria.it\/?p=2048#article","isPartOf":{"@id":"https:\/\/www.alveria.it\/?p=2048"},"author":{"name":"Roberta Sardo","@id":"https:\/\/www.alveria.it\/#\/schema\/person\/eb1f5cf33748eda0a88012759920cf51"},"headline":"M&amp;A E RIORGANIZZAZIONI AZIENDALI: L\u2019EFFICACIA DELLA PIATTAFORMA HCMS NELLA FASE ESECUTIVA","datePublished":"-0001-11-30T00:00:00+00:00","dateModified":"2025-10-20T14:58:05+00:00","mainEntityOfPage":{"@id":"https:\/\/www.alveria.it\/?p=2048"},"wordCount":374,"commentCount":0,"publisher":{"@id":"https:\/\/www.alveria.it\/#organization"},"image":{"@id":"https:\/\/www.alveria.it\/?p=2048#primaryimage"},"thumbnailUrl":"https:\/\/www.alveria.it\/wp-content\/uploads\/2025\/08\/MA.jpg","keywords":["On Line"],"articleSection":["Eventi"],"inLanguage":"fr-FR","potentialAction":[{"@type":"CommentAction","name":"Comment","target":["https:\/\/www.alveria.it\/?p=2048#respond"]}]},{"@type":"WebPage","@id":"https:\/\/www.alveria.it\/?p=2048","url":"https:\/\/www.alveria.it\/?p=2048","name":"Webinaire : Fusions et acquisitions et r\u00e9organisations d'entreprises","isPartOf":{"@id":"https:\/\/www.alveria.it\/#website"},"primaryImageOfPage":{"@id":"https:\/\/www.alveria.it\/?p=2048#primaryimage"},"image":{"@id":"https:\/\/www.alveria.it\/?p=2048#primaryimage"},"thumbnailUrl":"https:\/\/www.alveria.it\/wp-content\/uploads\/2025\/08\/MA.jpg","datePublished":"-0001-11-30T00:00:00+00:00","dateModified":"2025-10-20T14:58:05+00:00","description":"Apprenez \u00e0 transformer des op\u00e9rations complexes de fusion et d'acquisition, de d\u00e9coupage et de r\u00e9organisation d'entreprises en processus fluides, s\u00fbrs et structur\u00e9s.","breadcrumb":{"@id":"https:\/\/www.alveria.it\/?p=2048#breadcrumb"},"inLanguage":"fr-FR","potentialAction":[{"@type":"ReadAction","target":["https:\/\/www.alveria.it\/?p=2048"]}]},{"@type":"ImageObject","inLanguage":"fr-FR","@id":"https:\/\/www.alveria.it\/?p=2048#primaryimage","url":"https:\/\/www.alveria.it\/wp-content\/uploads\/2025\/08\/MA.jpg","contentUrl":"https:\/\/www.alveria.it\/wp-content\/uploads\/2025\/08\/MA.jpg","width":1280,"height":720,"caption":"M&A"},{"@type":"BreadcrumbList","@id":"https:\/\/www.alveria.it\/?p=2048#breadcrumb","itemListElement":[{"@type":"ListItem","position":1,"name":"Home","item":"https:\/\/www.alveria.it\/"},{"@type":"ListItem","position":2,"name":"M&amp;A E RIORGANIZZAZIONI AZIENDALI: L\u2019EFFICACIA DELLA PIATTAFORMA HCMS NELLA FASE ESECUTIVA"}]},{"@type":"WebSite","@id":"https:\/\/www.alveria.it\/#website","url":"https:\/\/www.alveria.it\/","name":"Alveria - Conseil, formation et solutions","description":"Alveria - Conseil, formation et solutions","publisher":{"@id":"https:\/\/www.alveria.it\/#organization"},"potentialAction":[{"@type":"SearchAction","target":{"@type":"EntryPoint","urlTemplate":"https:\/\/www.alveria.it\/?s={search_term_string}"},"query-input":{"@type":"PropertyValueSpecification","valueRequired":true,"valueName":"search_term_string"}}],"inLanguage":"fr-FR"},{"@type":"Organization","@id":"https:\/\/www.alveria.it\/#organization","name":"Alveria - Conseil, formation et solutions","url":"https:\/\/www.alveria.it\/","logo":{"@type":"ImageObject","inLanguage":"fr-FR","@id":"https:\/\/www.alveria.it\/#\/schema\/logo\/image\/","url":"https:\/\/www.alveria.it\/wp-content\/uploads\/2023\/12\/logo_alveria_normal.svg","contentUrl":"https:\/\/www.alveria.it\/wp-content\/uploads\/2023\/12\/logo_alveria_normal.svg","caption":"Alveria - Consulting, Training and Solutions"},"image":{"@id":"https:\/\/www.alveria.it\/#\/schema\/logo\/image\/"}},{"@type":"Person","@id":"https:\/\/www.alveria.it\/#\/schema\/person\/eb1f5cf33748eda0a88012759920cf51","name":"Roberta Sardo","image":{"@type":"ImageObject","inLanguage":"fr-FR","@id":"https:\/\/secure.gravatar.com\/avatar\/ffcbd455e7188a9cd16a40170583f8cd2979477ef912fe334fb7d03ea74580c4?s=96&d=mm&r=g","url":"https:\/\/secure.gravatar.com\/avatar\/ffcbd455e7188a9cd16a40170583f8cd2979477ef912fe334fb7d03ea74580c4?s=96&d=mm&r=g","contentUrl":"https:\/\/secure.gravatar.com\/avatar\/ffcbd455e7188a9cd16a40170583f8cd2979477ef912fe334fb7d03ea74580c4?s=96&d=mm&r=g","caption":"Roberta Sardo"}}]}},"_links":{"self":[{"href":"https:\/\/www.alveria.it\/fr\/wp-json\/wp\/v2\/posts\/2048","targetHints":{"allow":["GET"]}}],"collection":[{"href":"https:\/\/www.alveria.it\/fr\/wp-json\/wp\/v2\/posts"}],"about":[{"href":"https:\/\/www.alveria.it\/fr\/wp-json\/wp\/v2\/types\/post"}],"author":[{"embeddable":true,"href":"https:\/\/www.alveria.it\/fr\/wp-json\/wp\/v2\/users\/2"}],"replies":[{"embeddable":true,"href":"https:\/\/www.alveria.it\/fr\/wp-json\/wp\/v2\/comments?post=2048"}],"version-history":[{"count":5,"href":"https:\/\/www.alveria.it\/fr\/wp-json\/wp\/v2\/posts\/2048\/revisions"}],"predecessor-version":[{"id":2107,"href":"https:\/\/www.alveria.it\/fr\/wp-json\/wp\/v2\/posts\/2048\/revisions\/2107"}],"wp:featuredmedia":[{"embeddable":true,"href":"https:\/\/www.alveria.it\/fr\/wp-json\/wp\/v2\/media\/2052"}],"wp:attachment":[{"href":"https:\/\/www.alveria.it\/fr\/wp-json\/wp\/v2\/media?parent=2048"}],"wp:term":[{"taxonomy":"category","embeddable":true,"href":"https:\/\/www.alveria.it\/fr\/wp-json\/wp\/v2\/categories?post=2048"},{"taxonomy":"post_tag","embeddable":true,"href":"https:\/\/www.alveria.it\/fr\/wp-json\/wp\/v2\/tags?post=2048"}],"curies":[{"name":"wp","href":"https:\/\/api.w.org\/{rel}","templated":true}]}}