{"id":1678,"date":"2024-11-22T16:11:38","date_gmt":"2024-11-22T16:11:38","guid":{"rendered":"https:\/\/www.alveria.it\/?p=1678"},"modified":"2025-05-15T15:17:30","modified_gmt":"2025-05-15T15:17:30","slug":"forum-ressources-humaines-genoa-alveria-notre-objectif-est-de-donner-la-priorite-aux-personnes","status":"publish","type":"post","link":"https:\/\/www.alveria.it\/fr\/2024\/11\/22\/forum-risorse-umane-genova-alveria-il-nostro-obiettivo-e-people-first\/","title":{"rendered":"FORUM DES RESSOURCES HUMAINES, GENOVA (ALVERIA) : \"NOTRE OBJECTIF EST DE DONNER LA PRIORIT\u00c9 AUX PERSONNES\"."},"content":{"rendered":"<p>\"Alveria travaille depuis des ann\u00e9es \u00e0 la conception de mod\u00e8les de services et de processus RH, en pla\u00e7ant toujours la personne au centre et en essayant de tirer le meilleur parti de toutes les opportunit\u00e9s offertes par la technologie, du num\u00e9rique en g\u00e9n\u00e9ral \u00e0 l'intelligence artificielle. Notre objectif est de <a href=\"https:\/\/alveria.join-us.it\/custom-page\/108\">Les gens d'abord<\/a>que nous adoptons \u00e0 la fois en interne et dans la conception des <a href=\"https:\/\/www.hcms.it\/\">syst\u00e8mes de gestion du capital humain<\/a>\u201d. Sono le parole di Massimo Genova, amministratore delegato Alveria, intervistato a Milano nell\u2019ambito del Forum Risorse Umane di <a href=\"https:\/\/comunicazioneitaliana.it\/\">Communication en italien<\/a>.<\/p>\n<p>Cette ann\u00e9e encore, l'\u00e9v\u00e9nement a r\u00e9uni les protagonistes du secteur des ressources humaines lors d'une rencontre ax\u00e9e sur des th\u00e8mes li\u00e9s \u00e0 la gestion des talents, \u00e0 la formation, au bien-\u00eatre organisationnel et aux nouvelles fronti\u00e8res offertes par l'innovation technologique et strat\u00e9gique. <a href=\"https:\/\/comunicazioneitaliana.it\/eventi\/1041\">Th\u00e8me de la 16e \u00e9dition : \"L'int\u00e9grabilit\u00e9\".<\/a><\/p>\n<p>Questa parola, che richiama la necessit\u00e0 di integrare persone, processi e tecnologie, ben si sposa con le sfide attuali del mondo HR, dove l\u2019attenzione alla dimensione umana si intreccia in modo sempre pi\u00f9 stretto con le opportunit\u00e0 offerte da strumenti avanzati, come l\u2019intelligenza artificiale e le piattaforme digitali.<\/p>\n<p>Massimo Genova ha sottolineato come la trasformazione digitale rappresenti non solo una leva per aumentare l\u2019efficienza, ma anche un\u2019opportunit\u00e0 unica per ripensare le modalit\u00e0 di lavoro, promuovendo ambienti pi\u00f9 inclusivi e orientati al benessere delle persone.<\/p>\n<p>Le Forum a accueilli des panels et des d\u00e9bats avec des experts et des leaders de l'industrie, avec un accent particulier sur l'importance d'une approche collaborative et l'int\u00e9gration des nouvelles g\u00e9n\u00e9rations dans l'environnement de travail. L'\"int\u00e9grabilit\u00e9\" \u00e9tait une invitation \u00e0 saisir les synergies entre les comp\u00e9tences humaines et les outils innovants pour r\u00e9pondre aux besoins d'un monde du travail en constante \u00e9volution.<\/p>\n<p><strong style=\"font-size: revert;\">Article publi\u00e9 par :<\/strong><\/p>\n<p><a href=\"https:\/\/www.adnkronos.com\/economia\/_7l47wRnIov7Ugu0sM5e8XE?refresh_ce\">Adnkronos<\/a><\/p>\n<h3>Derniers messages<\/h3>\n<ul>\n<li class=\"post format-\"><a href=\"https:\/\/www.alveria.it\/fr\/2024\/05\/12\/outils-de-rh-quels-sont-les-meilleurs-1267\/\"><img loading=\"lazy\" decoding=\"async\" class=\"scale-with-grid wp-post-image\" src=\"https:\/\/www.alveria.it\/wp-content\/uploads\/2024\/05\/Tools-per-hr-quali-sono-i-migliori-1.jpg\" sizes=\"auto, (max-width:767px) 480px, (max-width:1220px) 100vw, 1220px\" srcset=\"https:\/\/www.alveria.it\/wp-content\/uploads\/2024\/05\/Tools-per-hr-quali-sono-i-migliori-1.jpg 1280w, https:\/\/www.alveria.it\/wp-content\/uploads\/2024\/05\/Tools-per-hr-quali-sono-i-migliori-1-500x281.jpg 500w, https:\/\/www.alveria.it\/wp-content\/uploads\/2024\/05\/Tools-per-hr-quali-sono-i-migliori-1-1200x675.jpg 1200w, https:\/\/www.alveria.it\/wp-content\/uploads\/2024\/05\/Tools-per-hr-quali-sono-i-migliori-1-300x169.jpg 300w, https:\/\/www.alveria.it\/wp-content\/uploads\/2024\/05\/Tools-per-hr-quali-sono-i-migliori-1-768x432.jpg 768w, https:\/\/www.alveria.it\/wp-content\/uploads\/2024\/05\/Tools-per-hr-quali-sono-i-migliori-1-18x10.jpg 18w, https:\/\/www.alveria.it\/wp-content\/uploads\/2024\/05\/Tools-per-hr-quali-sono-i-migliori-1-133x75.jpg 133w, https:\/\/www.alveria.it\/wp-content\/uploads\/2024\/05\/Tools-per-hr-quali-sono-i-migliori-1-480x270.jpg 480w\" alt=\"\" width=\"1220\" height=\"686\" \/><span class=\"c\">0<\/span><strong>Num\u00e9risation<\/strong><br \/>\n<\/a><\/p>\n<h6>Outils RH : quels sont les meilleurs ?<\/h6>\n<p><span class=\"date\">12 mai 2024<\/span><\/li>\n<li class=\"post format-\"><a href=\"https:\/\/www.alveria.it\/fr\/2024\/03\/20\/les-rh-et-levolution-de-la-gestion-des-ressources-humaines-2\/\"><img loading=\"lazy\" decoding=\"async\" class=\"scale-with-grid wp-post-image\" src=\"https:\/\/www.alveria.it\/wp-content\/uploads\/2024\/03\/Hr-e-Ai-levoluzione-che-passa-dalla-gestione-delle-risorse-umane.jpg\" sizes=\"auto, (max-width:767px) 480px, (max-width:1220px) 100vw, 1220px\" srcset=\"https:\/\/www.alveria.it\/wp-content\/uploads\/2024\/03\/Hr-e-Ai-levoluzione-che-passa-dalla-gestione-delle-risorse-umane.jpg 1280w, https:\/\/www.alveria.it\/wp-content\/uploads\/2024\/03\/Hr-e-Ai-levoluzione-che-passa-dalla-gestione-delle-risorse-umane-500x281.jpg 500w, https:\/\/www.alveria.it\/wp-content\/uploads\/2024\/03\/Hr-e-Ai-levoluzione-che-passa-dalla-gestione-delle-risorse-umane-1200x675.jpg 1200w, https:\/\/www.alveria.it\/wp-content\/uploads\/2024\/03\/Hr-e-Ai-levoluzione-che-passa-dalla-gestione-delle-risorse-umane-300x169.jpg 300w, https:\/\/www.alveria.it\/wp-content\/uploads\/2024\/03\/Hr-e-Ai-levoluzione-che-passa-dalla-gestione-delle-risorse-umane-768x432.jpg 768w, https:\/\/www.alveria.it\/wp-content\/uploads\/2024\/03\/Hr-e-Ai-levoluzione-che-passa-dalla-gestione-delle-risorse-umane-18x10.jpg 18w, https:\/\/www.alveria.it\/wp-content\/uploads\/2024\/03\/Hr-e-Ai-levoluzione-che-passa-dalla-gestione-delle-risorse-umane-133x75.jpg 133w, https:\/\/www.alveria.it\/wp-content\/uploads\/2024\/03\/Hr-e-Ai-levoluzione-che-passa-dalla-gestione-delle-risorse-umane-480x270.jpg 480w\" alt=\"\" width=\"1220\" height=\"686\" \/><span class=\"c\">0<\/span><strong>Ressources humaines<\/strong><br \/>\n<\/a><\/p>\n<h6>RH et IA : l'\u00e9volution \u00e0 travers la gestion des ressources humaines<\/h6>\n<p><span class=\"date\">20 mars 2024<\/span><\/li>\n<li class=\"post format-\"><a href=\"https:\/\/www.alveria.it\/fr\/2024\/02\/22\/les-frontieres-de-lexperience-des-salaries-comparaison-des-meilleures-pratiques\/\"><img loading=\"lazy\" decoding=\"async\" class=\"scale-with-grid wp-post-image\" src=\"https:\/\/www.alveria.it\/wp-content\/uploads\/2024\/02\/Le-frontiere-dellemployee-experience-best-practice-a-confronto.jpg\" sizes=\"auto, (max-width:767px) 480px, (max-width:1220px) 100vw, 1220px\" srcset=\"https:\/\/www.alveria.it\/wp-content\/uploads\/2024\/02\/Le-frontiere-dellemployee-experience-best-practice-a-confronto.jpg 1280w, https:\/\/www.alveria.it\/wp-content\/uploads\/2024\/02\/Le-frontiere-dellemployee-experience-best-practice-a-confronto-500x281.jpg 500w, https:\/\/www.alveria.it\/wp-content\/uploads\/2024\/02\/Le-frontiere-dellemployee-experience-best-practice-a-confronto-1200x675.jpg 1200w, https:\/\/www.alveria.it\/wp-content\/uploads\/2024\/02\/Le-frontiere-dellemployee-experience-best-practice-a-confronto-300x169.jpg 300w, https:\/\/www.alveria.it\/wp-content\/uploads\/2024\/02\/Le-frontiere-dellemployee-experience-best-practice-a-confronto-768x432.jpg 768w, https:\/\/www.alveria.it\/wp-content\/uploads\/2024\/02\/Le-frontiere-dellemployee-experience-best-practice-a-confronto-18x10.jpg 18w, https:\/\/www.alveria.it\/wp-content\/uploads\/2024\/02\/Le-frontiere-dellemployee-experience-best-practice-a-confronto-133x75.jpg 133w, https:\/\/www.alveria.it\/wp-content\/uploads\/2024\/02\/Le-frontiere-dellemployee-experience-best-practice-a-confronto-480x270.jpg 480w\" alt=\"\" width=\"1220\" height=\"686\" \/><span class=\"c\">0<\/span><strong>Ressources humaines<\/strong><br \/>\n<\/a><\/p>\n<h6>Fronti\u00e8res de l'exp\u00e9rience des employ\u00e9s : comparaison des meilleures pratiques<\/h6>\n<p><span class=\"date\">22 f\u00e9vrier 2024<\/span><\/li>\n<\/ul>\n<h3>Rechercher ici<\/h3>\n<p>.path{fill:none;stroke-miterlimit:10;stroke-width:1.5px;}<br \/>\n<span class=\"mfn-close-icon icon_close\" tabindex=\"0\"><span class=\"icon\">\u2715<\/span><\/span><\/p>\n<h3>Tags populaires<\/h3>\n<p><a class=\"tag-cloud-link tag-link-44 tag-link-position-1\" style=\"font-size: 22pt;\" href=\"https:\/\/www.alveria.it\/fr\/etiquette\/article\/\" aria-label=\"Article (6 items)\">Article<\/a><br \/>\n<a class=\"tag-cloud-link tag-link-45 tag-link-position-2\" style=\"font-size: 18.181818181818pt;\" href=\"https:\/\/www.alveria.it\/fr\/etiquette\/etude-de-cas\/\" aria-label=\"\u00c9tude de cas (4 \u00e9l\u00e9ments)\">\u00c9tude de cas<\/a><br \/>\n<a class=\"tag-cloud-link tag-link-46 tag-link-position-3\" style=\"font-size: 15.636363636364pt;\" href=\"https:\/\/www.alveria.it\/fr\/etiquette\/en-presence\/\" aria-label=\"Pr\u00e9sents (3 \u00e9l\u00e9ments)\">En pr\u00e9sence<\/a><br \/>\n<a class=\"tag-cloud-link tag-link-52 tag-link-position-4\" style=\"font-size: 20.218181818182pt;\" href=\"https:\/\/www.alveria.it\/fr\/etiquette\/dans-la-presence-en-ligne\/\" aria-label=\"En pr\u00e9sence\/en ligne (5 \u00e9l\u00e9ments)\">En pr\u00e9sence\/en ligne<\/a><br \/>\n<a class=\"tag-cloud-link tag-link-47 tag-link-position-5\" style=\"font-size: 8pt;\" href=\"https:\/\/www.alveria.it\/fr\/etiquette\/en-ligne\/\" aria-label=\"En ligne (1 article)\">En ligne<\/a><\/p>\n<h1 class=\"title\">CONSEIL, FORMATION \u00c0 LA NUM\u00c9RISATION DES RESSOURCES HUMAINES ET SOLUTIONS D'ENTREPRISE D\u00c9COUVREZ LA M\u00c9THODE ALVERIA ET PR\u00c9PAREZ-VOUS AU CHANGEMENT.<\/h1>\n<p><a class=\"button  button_size_2 button_dark\" title=\"\" href=\"\/fr\/contacts\/\"><span class=\"button_label\">DEMANDER PLUS D'INFORMATIONS<\/span><\/a><\/p>","protected":false},"excerpt":{"rendered":"<p>Interview par Massimo Genova aux micros d'Adnkronos.<\/p>","protected":false},"author":2,"featured_media":1681,"comment_status":"open","ping_status":"open","sticky":false,"template":"","format":"standard","meta":{"iawp_total_views":50,"footnotes":""},"categories":[38],"tags":[],"class_list":["post-1678","post","type-post","status-publish","format-standard","has-post-thumbnail","hentry","category-alveriapress"],"yoast_head":"<!-- This site is optimized with the Yoast SEO plugin v27.5 - https:\/\/yoast.com\/product\/yoast-seo-wordpress\/ -->\n<title>Intervista ad Adnkronos di Massimo Genova, CEO di Alveria<\/title>\n<meta name=\"description\" content=\"Il CEO di Alveria sottolinea l&#039;approccio &quot;people first&quot; che unisce la centralit\u00e0 della persona all&#039;innovazione tecnologica.\" \/>\n<meta name=\"robots\" content=\"index, follow, max-snippet:-1, max-image-preview:large, max-video-preview:-1\" \/>\n<link rel=\"canonical\" href=\"https:\/\/www.alveria.it\/fr\/2024\/11\/22\/forum-ressources-humaines-genoa-alveria-notre-objectif-est-de-donner-la-priorite-aux-personnes\/\" \/>\n<meta property=\"og:locale\" content=\"fr_FR\" \/>\n<meta property=\"og:type\" content=\"article\" \/>\n<meta property=\"og:title\" content=\"Intervista ad Adnkronos di Massimo Genova, CEO di Alveria\" \/>\n<meta property=\"og:description\" content=\"Il CEO di Alveria sottolinea l&#039;approccio &quot;people first&quot; che unisce la centralit\u00e0 della persona all&#039;innovazione tecnologica.\" \/>\n<meta property=\"og:url\" content=\"https:\/\/www.alveria.it\/fr\/2024\/11\/22\/forum-ressources-humaines-genoa-alveria-notre-objectif-est-de-donner-la-priorite-aux-personnes\/\" \/>\n<meta property=\"og:site_name\" content=\"Alveria - Consulting, Training and Solutions\" \/>\n<meta property=\"article:published_time\" content=\"2024-11-22T16:11:38+00:00\" \/>\n<meta property=\"article:modified_time\" content=\"2025-05-15T15:17:30+00:00\" \/>\n<meta property=\"og:image\" content=\"https:\/\/www.alveria.it\/wp-content\/uploads\/2024\/11\/Alveria.jpg\" \/>\n\t<meta property=\"og:image:width\" content=\"1280\" \/>\n\t<meta property=\"og:image:height\" content=\"720\" \/>\n\t<meta property=\"og:image:type\" content=\"image\/jpeg\" \/>\n<meta name=\"author\" content=\"Roberta Sardo\" \/>\n<meta name=\"twitter:card\" content=\"summary_large_image\" \/>\n<meta name=\"twitter:label1\" content=\"\u00c9crit par\" \/>\n\t<meta name=\"twitter:data1\" content=\"Roberta Sardo\" \/>\n\t<meta name=\"twitter:label2\" content=\"Dur\u00e9e de lecture estim\u00e9e\" \/>\n\t<meta name=\"twitter:data2\" content=\"3 minutes\" \/>\n<script type=\"application\/ld+json\" class=\"yoast-schema-graph\">{\"@context\":\"https:\\\/\\\/schema.org\",\"@graph\":[{\"@type\":\"Article\",\"@id\":\"https:\\\/\\\/www.alveria.it\\\/2024\\\/11\\\/22\\\/forum-risorse-umane-genova-alveria-il-nostro-obiettivo-e-people-first\\\/#article\",\"isPartOf\":{\"@id\":\"https:\\\/\\\/www.alveria.it\\\/2024\\\/11\\\/22\\\/forum-risorse-umane-genova-alveria-il-nostro-obiettivo-e-people-first\\\/\"},\"author\":{\"name\":\"Roberta Sardo\",\"@id\":\"https:\\\/\\\/www.alveria.it\\\/#\\\/schema\\\/person\\\/eb1f5cf33748eda0a88012759920cf51\"},\"headline\":\"FORUM RISORSE UMANE, GENOVA (ALVERIA): \u201cIL NOSTRO OBIETTIVO \u00c8 \u2018PEOPLE FIRST\u2019\u201c\",\"datePublished\":\"2024-11-22T16:11:38+00:00\",\"dateModified\":\"2025-05-15T15:17:30+00:00\",\"mainEntityOfPage\":{\"@id\":\"https:\\\/\\\/www.alveria.it\\\/2024\\\/11\\\/22\\\/forum-risorse-umane-genova-alveria-il-nostro-obiettivo-e-people-first\\\/\"},\"wordCount\":359,\"commentCount\":0,\"publisher\":{\"@id\":\"https:\\\/\\\/www.alveria.it\\\/#organization\"},\"image\":{\"@id\":\"https:\\\/\\\/www.alveria.it\\\/2024\\\/11\\\/22\\\/forum-risorse-umane-genova-alveria-il-nostro-obiettivo-e-people-first\\\/#primaryimage\"},\"thumbnailUrl\":\"https:\\\/\\\/www.alveria.it\\\/wp-content\\\/uploads\\\/2024\\\/11\\\/Alveria.jpg\",\"articleSection\":[\"Alveriapress\"],\"inLanguage\":\"fr-FR\",\"potentialAction\":[{\"@type\":\"CommentAction\",\"name\":\"Comment\",\"target\":[\"https:\\\/\\\/www.alveria.it\\\/2024\\\/11\\\/22\\\/forum-risorse-umane-genova-alveria-il-nostro-obiettivo-e-people-first\\\/#respond\"]}]},{\"@type\":\"WebPage\",\"@id\":\"https:\\\/\\\/www.alveria.it\\\/2024\\\/11\\\/22\\\/forum-risorse-umane-genova-alveria-il-nostro-obiettivo-e-people-first\\\/\",\"url\":\"https:\\\/\\\/www.alveria.it\\\/2024\\\/11\\\/22\\\/forum-risorse-umane-genova-alveria-il-nostro-obiettivo-e-people-first\\\/\",\"name\":\"Intervista ad Adnkronos di Massimo Genova, CEO di Alveria\",\"isPartOf\":{\"@id\":\"https:\\\/\\\/www.alveria.it\\\/#website\"},\"primaryImageOfPage\":{\"@id\":\"https:\\\/\\\/www.alveria.it\\\/2024\\\/11\\\/22\\\/forum-risorse-umane-genova-alveria-il-nostro-obiettivo-e-people-first\\\/#primaryimage\"},\"image\":{\"@id\":\"https:\\\/\\\/www.alveria.it\\\/2024\\\/11\\\/22\\\/forum-risorse-umane-genova-alveria-il-nostro-obiettivo-e-people-first\\\/#primaryimage\"},\"thumbnailUrl\":\"https:\\\/\\\/www.alveria.it\\\/wp-content\\\/uploads\\\/2024\\\/11\\\/Alveria.jpg\",\"datePublished\":\"2024-11-22T16:11:38+00:00\",\"dateModified\":\"2025-05-15T15:17:30+00:00\",\"description\":\"Il CEO di Alveria sottolinea l'approccio \\\"people first\\\" che unisce la centralit\u00e0 della persona all'innovazione tecnologica.\",\"breadcrumb\":{\"@id\":\"https:\\\/\\\/www.alveria.it\\\/2024\\\/11\\\/22\\\/forum-risorse-umane-genova-alveria-il-nostro-obiettivo-e-people-first\\\/#breadcrumb\"},\"inLanguage\":\"fr-FR\",\"potentialAction\":[{\"@type\":\"ReadAction\",\"target\":[\"https:\\\/\\\/www.alveria.it\\\/2024\\\/11\\\/22\\\/forum-risorse-umane-genova-alveria-il-nostro-obiettivo-e-people-first\\\/\"]}]},{\"@type\":\"ImageObject\",\"inLanguage\":\"fr-FR\",\"@id\":\"https:\\\/\\\/www.alveria.it\\\/2024\\\/11\\\/22\\\/forum-risorse-umane-genova-alveria-il-nostro-obiettivo-e-people-first\\\/#primaryimage\",\"url\":\"https:\\\/\\\/www.alveria.it\\\/wp-content\\\/uploads\\\/2024\\\/11\\\/Alveria.jpg\",\"contentUrl\":\"https:\\\/\\\/www.alveria.it\\\/wp-content\\\/uploads\\\/2024\\\/11\\\/Alveria.jpg\",\"width\":1280,\"height\":720,\"caption\":\"Alveria\"},{\"@type\":\"BreadcrumbList\",\"@id\":\"https:\\\/\\\/www.alveria.it\\\/2024\\\/11\\\/22\\\/forum-risorse-umane-genova-alveria-il-nostro-obiettivo-e-people-first\\\/#breadcrumb\",\"itemListElement\":[{\"@type\":\"ListItem\",\"position\":1,\"name\":\"Home\",\"item\":\"https:\\\/\\\/www.alveria.it\\\/\"},{\"@type\":\"ListItem\",\"position\":2,\"name\":\"FORUM RISORSE UMANE, GENOVA (ALVERIA): \u201cIL NOSTRO OBIETTIVO \u00c8 \u2018PEOPLE FIRST\u2019\u201c\"}]},{\"@type\":\"WebSite\",\"@id\":\"https:\\\/\\\/www.alveria.it\\\/#website\",\"url\":\"https:\\\/\\\/www.alveria.it\\\/\",\"name\":\"Alveria - Consulting, Training and Solutions\",\"description\":\"Alveria - Consulting, Training and Solutions\",\"publisher\":{\"@id\":\"https:\\\/\\\/www.alveria.it\\\/#organization\"},\"potentialAction\":[{\"@type\":\"SearchAction\",\"target\":{\"@type\":\"EntryPoint\",\"urlTemplate\":\"https:\\\/\\\/www.alveria.it\\\/?s={search_term_string}\"},\"query-input\":{\"@type\":\"PropertyValueSpecification\",\"valueRequired\":true,\"valueName\":\"search_term_string\"}}],\"inLanguage\":\"fr-FR\"},{\"@type\":\"Organization\",\"@id\":\"https:\\\/\\\/www.alveria.it\\\/#organization\",\"name\":\"Alveria - Consulting, Training and Solutions\",\"url\":\"https:\\\/\\\/www.alveria.it\\\/\",\"logo\":{\"@type\":\"ImageObject\",\"inLanguage\":\"fr-FR\",\"@id\":\"https:\\\/\\\/www.alveria.it\\\/#\\\/schema\\\/logo\\\/image\\\/\",\"url\":\"https:\\\/\\\/www.alveria.it\\\/wp-content\\\/uploads\\\/2023\\\/12\\\/logo_alveria_normal.svg\",\"contentUrl\":\"https:\\\/\\\/www.alveria.it\\\/wp-content\\\/uploads\\\/2023\\\/12\\\/logo_alveria_normal.svg\",\"caption\":\"Alveria - Consulting, Training and Solutions\"},\"image\":{\"@id\":\"https:\\\/\\\/www.alveria.it\\\/#\\\/schema\\\/logo\\\/image\\\/\"}},{\"@type\":\"Person\",\"@id\":\"https:\\\/\\\/www.alveria.it\\\/#\\\/schema\\\/person\\\/eb1f5cf33748eda0a88012759920cf51\",\"name\":\"Roberta Sardo\",\"image\":{\"@type\":\"ImageObject\",\"inLanguage\":\"fr-FR\",\"@id\":\"https:\\\/\\\/secure.gravatar.com\\\/avatar\\\/ffcbd455e7188a9cd16a40170583f8cd2979477ef912fe334fb7d03ea74580c4?s=96&d=mm&r=g\",\"url\":\"https:\\\/\\\/secure.gravatar.com\\\/avatar\\\/ffcbd455e7188a9cd16a40170583f8cd2979477ef912fe334fb7d03ea74580c4?s=96&d=mm&r=g\",\"contentUrl\":\"https:\\\/\\\/secure.gravatar.com\\\/avatar\\\/ffcbd455e7188a9cd16a40170583f8cd2979477ef912fe334fb7d03ea74580c4?s=96&d=mm&r=g\",\"caption\":\"Roberta Sardo\"}}]}<\/script>\n<!-- \/ Yoast SEO plugin. -->","yoast_head_json":{"title":"Interview d'Adnkronos par Massimo Genova, PDG d'Alveria","description":"Le PDG d'Alveria met l'accent sur l'approche \"people first\" qui combine la place centrale de l'individu et l'innovation technologique.","robots":{"index":"index","follow":"follow","max-snippet":"max-snippet:-1","max-image-preview":"max-image-preview:large","max-video-preview":"max-video-preview:-1"},"canonical":"https:\/\/www.alveria.it\/fr\/2024\/11\/22\/forum-ressources-humaines-genoa-alveria-notre-objectif-est-de-donner-la-priorite-aux-personnes\/","og_locale":"fr_FR","og_type":"article","og_title":"Intervista ad Adnkronos di Massimo Genova, CEO di Alveria","og_description":"Il CEO di Alveria sottolinea l'approccio \"people first\" che unisce la centralit\u00e0 della persona all'innovazione tecnologica.","og_url":"https:\/\/www.alveria.it\/fr\/2024\/11\/22\/forum-ressources-humaines-genoa-alveria-notre-objectif-est-de-donner-la-priorite-aux-personnes\/","og_site_name":"Alveria - Consulting, Training and Solutions","article_published_time":"2024-11-22T16:11:38+00:00","article_modified_time":"2025-05-15T15:17:30+00:00","og_image":[{"width":1280,"height":720,"url":"https:\/\/www.alveria.it\/wp-content\/uploads\/2024\/11\/Alveria.jpg","type":"image\/jpeg"}],"author":"Roberta Sardo","twitter_card":"summary_large_image","twitter_misc":{"\u00c9crit par":"Roberta Sardo","Dur\u00e9e de lecture estim\u00e9e":"3 minutes"},"schema":{"@context":"https:\/\/schema.org","@graph":[{"@type":"Article","@id":"https:\/\/www.alveria.it\/2024\/11\/22\/forum-risorse-umane-genova-alveria-il-nostro-obiettivo-e-people-first\/#article","isPartOf":{"@id":"https:\/\/www.alveria.it\/2024\/11\/22\/forum-risorse-umane-genova-alveria-il-nostro-obiettivo-e-people-first\/"},"author":{"name":"Roberta Sardo","@id":"https:\/\/www.alveria.it\/#\/schema\/person\/eb1f5cf33748eda0a88012759920cf51"},"headline":"FORUM RISORSE UMANE, GENOVA (ALVERIA): \u201cIL NOSTRO OBIETTIVO \u00c8 \u2018PEOPLE FIRST\u2019\u201c","datePublished":"2024-11-22T16:11:38+00:00","dateModified":"2025-05-15T15:17:30+00:00","mainEntityOfPage":{"@id":"https:\/\/www.alveria.it\/2024\/11\/22\/forum-risorse-umane-genova-alveria-il-nostro-obiettivo-e-people-first\/"},"wordCount":359,"commentCount":0,"publisher":{"@id":"https:\/\/www.alveria.it\/#organization"},"image":{"@id":"https:\/\/www.alveria.it\/2024\/11\/22\/forum-risorse-umane-genova-alveria-il-nostro-obiettivo-e-people-first\/#primaryimage"},"thumbnailUrl":"https:\/\/www.alveria.it\/wp-content\/uploads\/2024\/11\/Alveria.jpg","articleSection":["Alveriapress"],"inLanguage":"fr-FR","potentialAction":[{"@type":"CommentAction","name":"Comment","target":["https:\/\/www.alveria.it\/2024\/11\/22\/forum-risorse-umane-genova-alveria-il-nostro-obiettivo-e-people-first\/#respond"]}]},{"@type":"WebPage","@id":"https:\/\/www.alveria.it\/2024\/11\/22\/forum-risorse-umane-genova-alveria-il-nostro-obiettivo-e-people-first\/","url":"https:\/\/www.alveria.it\/2024\/11\/22\/forum-risorse-umane-genova-alveria-il-nostro-obiettivo-e-people-first\/","name":"Interview d'Adnkronos par Massimo Genova, PDG d'Alveria","isPartOf":{"@id":"https:\/\/www.alveria.it\/#website"},"primaryImageOfPage":{"@id":"https:\/\/www.alveria.it\/2024\/11\/22\/forum-risorse-umane-genova-alveria-il-nostro-obiettivo-e-people-first\/#primaryimage"},"image":{"@id":"https:\/\/www.alveria.it\/2024\/11\/22\/forum-risorse-umane-genova-alveria-il-nostro-obiettivo-e-people-first\/#primaryimage"},"thumbnailUrl":"https:\/\/www.alveria.it\/wp-content\/uploads\/2024\/11\/Alveria.jpg","datePublished":"2024-11-22T16:11:38+00:00","dateModified":"2025-05-15T15:17:30+00:00","description":"Le PDG d'Alveria met l'accent sur l'approche \"people first\" qui combine la place centrale de l'individu et l'innovation technologique.","breadcrumb":{"@id":"https:\/\/www.alveria.it\/2024\/11\/22\/forum-risorse-umane-genova-alveria-il-nostro-obiettivo-e-people-first\/#breadcrumb"},"inLanguage":"fr-FR","potentialAction":[{"@type":"ReadAction","target":["https:\/\/www.alveria.it\/2024\/11\/22\/forum-risorse-umane-genova-alveria-il-nostro-obiettivo-e-people-first\/"]}]},{"@type":"ImageObject","inLanguage":"fr-FR","@id":"https:\/\/www.alveria.it\/2024\/11\/22\/forum-risorse-umane-genova-alveria-il-nostro-obiettivo-e-people-first\/#primaryimage","url":"https:\/\/www.alveria.it\/wp-content\/uploads\/2024\/11\/Alveria.jpg","contentUrl":"https:\/\/www.alveria.it\/wp-content\/uploads\/2024\/11\/Alveria.jpg","width":1280,"height":720,"caption":"Alveria"},{"@type":"BreadcrumbList","@id":"https:\/\/www.alveria.it\/2024\/11\/22\/forum-risorse-umane-genova-alveria-il-nostro-obiettivo-e-people-first\/#breadcrumb","itemListElement":[{"@type":"ListItem","position":1,"name":"Home","item":"https:\/\/www.alveria.it\/"},{"@type":"ListItem","position":2,"name":"FORUM RISORSE UMANE, GENOVA (ALVERIA): \u201cIL NOSTRO OBIETTIVO \u00c8 \u2018PEOPLE FIRST\u2019\u201c"}]},{"@type":"WebSite","@id":"https:\/\/www.alveria.it\/#website","url":"https:\/\/www.alveria.it\/","name":"Alveria - Conseil, formation et solutions","description":"Alveria - Conseil, formation et solutions","publisher":{"@id":"https:\/\/www.alveria.it\/#organization"},"potentialAction":[{"@type":"SearchAction","target":{"@type":"EntryPoint","urlTemplate":"https:\/\/www.alveria.it\/?s={search_term_string}"},"query-input":{"@type":"PropertyValueSpecification","valueRequired":true,"valueName":"search_term_string"}}],"inLanguage":"fr-FR"},{"@type":"Organization","@id":"https:\/\/www.alveria.it\/#organization","name":"Alveria - Conseil, formation et solutions","url":"https:\/\/www.alveria.it\/","logo":{"@type":"ImageObject","inLanguage":"fr-FR","@id":"https:\/\/www.alveria.it\/#\/schema\/logo\/image\/","url":"https:\/\/www.alveria.it\/wp-content\/uploads\/2023\/12\/logo_alveria_normal.svg","contentUrl":"https:\/\/www.alveria.it\/wp-content\/uploads\/2023\/12\/logo_alveria_normal.svg","caption":"Alveria - Consulting, Training and Solutions"},"image":{"@id":"https:\/\/www.alveria.it\/#\/schema\/logo\/image\/"}},{"@type":"Person","@id":"https:\/\/www.alveria.it\/#\/schema\/person\/eb1f5cf33748eda0a88012759920cf51","name":"Roberta Sardo","image":{"@type":"ImageObject","inLanguage":"fr-FR","@id":"https:\/\/secure.gravatar.com\/avatar\/ffcbd455e7188a9cd16a40170583f8cd2979477ef912fe334fb7d03ea74580c4?s=96&d=mm&r=g","url":"https:\/\/secure.gravatar.com\/avatar\/ffcbd455e7188a9cd16a40170583f8cd2979477ef912fe334fb7d03ea74580c4?s=96&d=mm&r=g","contentUrl":"https:\/\/secure.gravatar.com\/avatar\/ffcbd455e7188a9cd16a40170583f8cd2979477ef912fe334fb7d03ea74580c4?s=96&d=mm&r=g","caption":"Roberta Sardo"}}]}},"_links":{"self":[{"href":"https:\/\/www.alveria.it\/fr\/wp-json\/wp\/v2\/posts\/1678","targetHints":{"allow":["GET"]}}],"collection":[{"href":"https:\/\/www.alveria.it\/fr\/wp-json\/wp\/v2\/posts"}],"about":[{"href":"https:\/\/www.alveria.it\/fr\/wp-json\/wp\/v2\/types\/post"}],"author":[{"embeddable":true,"href":"https:\/\/www.alveria.it\/fr\/wp-json\/wp\/v2\/users\/2"}],"replies":[{"embeddable":true,"href":"https:\/\/www.alveria.it\/fr\/wp-json\/wp\/v2\/comments?post=1678"}],"version-history":[{"count":3,"href":"https:\/\/www.alveria.it\/fr\/wp-json\/wp\/v2\/posts\/1678\/revisions"}],"predecessor-version":[{"id":1929,"href":"https:\/\/www.alveria.it\/fr\/wp-json\/wp\/v2\/posts\/1678\/revisions\/1929"}],"wp:featuredmedia":[{"embeddable":true,"href":"https:\/\/www.alveria.it\/fr\/wp-json\/wp\/v2\/media\/1681"}],"wp:attachment":[{"href":"https:\/\/www.alveria.it\/fr\/wp-json\/wp\/v2\/media?parent=1678"}],"wp:term":[{"taxonomy":"category","embeddable":true,"href":"https:\/\/www.alveria.it\/fr\/wp-json\/wp\/v2\/categories?post=1678"},{"taxonomy":"post_tag","embeddable":true,"href":"https:\/\/www.alveria.it\/fr\/wp-json\/wp\/v2\/tags?post=1678"}],"curies":[{"name":"wp","href":"https:\/\/api.w.org\/{rel}","templated":true}]}}