{"id":801,"date":"2023-08-28T09:40:00","date_gmt":"2023-08-28T09:40:00","guid":{"rendered":"https:\/\/www.alveria.it\/?p=801"},"modified":"2024-05-19T11:28:52","modified_gmt":"2024-05-19T11:28:52","slug":"alveria-y-patrocinador-del-festival-de-cine-de-offida-2023","status":"publish","type":"post","link":"https:\/\/www.alveria.it\/espanol\/2023\/08\/28\/alveria-e-sponsor-di-offida-film-festival-2023\/","title":{"rendered":"ALVERIA PATROCINA EL FESTIVAL DE CINE DE OFFIDA 2023"},"content":{"rendered":"<p><\/p>\n\n\n<p style=\"text-align: left;\">Le esperamos, del 15 al 17 de septiembre, en el Teatro Comunale Serpente Aureo de Offida (AP) para el evento de\u00a0<a href=\"https:\/\/www.linkedin.com\/company\/fondazione-lavoroperlapersona\/\">Fundaci\u00f3n Lavoroperlapersona<\/a>Festival de Cine de Offida 2023.<\/p>\n<p style=\"text-align: left;\">Cuestionaremos juntos las formas de regenerar el trabajo, la organizaci\u00f3n sanitaria y los sistemas educativos en instituciones de cuidado del bienestar, yendo en contra de la matriz performativa que lo doblega todo al juicio de la funcionalidad.<\/p>\n<p style=\"text-align: left;\">Un acto repleto de proyecciones, discursos y actuaciones centradas en tres grandes ejes: el trabajo, la salud y la escuela.<\/p>\n<p style=\"text-align: left;\"><strong>Proyecciones programadas<\/strong><\/p>\n<p style=\"text-align: left;\">No puedes automatizarme de K. Jazbec, Pa\u00edses Bajos (2021)<\/p>\n<p style=\"text-align: left;\">Qu\u00e9 se necesita de C. D'Ambros y M. Cirri, Italia (2020)<\/p>\n<p style=\"text-align: left;\">L'acqua, l'insegna la sete - Storia di classe de V. Jalongo, Italia (2020) - representaci\u00f3n teatral<\/p>\n<p style=\"text-align: left;\">Reloj del Juicio Final. El apocalipsis llega a medianoche. Texto y direcci\u00f3n de Laura Fatini con Luca Mauceri,<\/p>\n<p style=\"text-align: left;\">Pierangelo Margheriti y Giulia Roghi.<\/p>\n<p style=\"text-align: left;\">El Festival de Cine de Offida est\u00e1 abierto a todos y la participaci\u00f3n es gratuita.<\/p>\n<p><a class=\"button  button_size_2 button_dark\" title=\"\" target=\"_blank\" rel=\"noopener\"><span class=\"button_label\">PROGRAMA COMPLETO<\/span><\/a><\/p>\n<h3>\u00daltimas entradas<\/h3>\n<ul>\n<li class=\"post format-\"><a href=\"https:\/\/www.alveria.it\/espanol\/2024\/05\/12\/herramientas-de-rrhh-cuales-son-las-mejores-1267\/\"><img loading=\"lazy\" decoding=\"async\" class=\"scale-with-grid wp-post-image\" src=\"https:\/\/www.alveria.it\/wp-content\/uploads\/2024\/05\/Tools-per-hr-quali-sono-i-migliori-1.jpg\" sizes=\"auto, (max-width:767px) 480px, (max-width:1220px) 100vw, 1220px\" srcset=\"https:\/\/www.alveria.it\/wp-content\/uploads\/2024\/05\/Tools-per-hr-quali-sono-i-migliori-1.jpg 1280w, https:\/\/www.alveria.it\/wp-content\/uploads\/2024\/05\/Tools-per-hr-quali-sono-i-migliori-1-500x281.jpg 500w, https:\/\/www.alveria.it\/wp-content\/uploads\/2024\/05\/Tools-per-hr-quali-sono-i-migliori-1-1200x675.jpg 1200w, https:\/\/www.alveria.it\/wp-content\/uploads\/2024\/05\/Tools-per-hr-quali-sono-i-migliori-1-300x169.jpg 300w, https:\/\/www.alveria.it\/wp-content\/uploads\/2024\/05\/Tools-per-hr-quali-sono-i-migliori-1-768x432.jpg 768w, https:\/\/www.alveria.it\/wp-content\/uploads\/2024\/05\/Tools-per-hr-quali-sono-i-migliori-1-18x10.jpg 18w, https:\/\/www.alveria.it\/wp-content\/uploads\/2024\/05\/Tools-per-hr-quali-sono-i-migliori-1-133x75.jpg 133w, https:\/\/www.alveria.it\/wp-content\/uploads\/2024\/05\/Tools-per-hr-quali-sono-i-migliori-1-480x270.jpg 480w\" alt=\"\" width=\"1220\" height=\"686\" \/><span class=\"c\">0<\/span><strong>Digitalizaci\u00f3n<\/strong><br \/><\/a>\n<h6>Herramientas de RRHH: \u00bfcu\u00e1les son las mejores?<\/h6>\n<p><span class=\"date\">12 de mayo de 2024<\/span><\/p>\n<\/li>\n<li class=\"post format-\"><a href=\"https:\/\/www.alveria.it\/espanol\/2024\/03\/20\/rrhh-y-la-evolucion-de-la-gestion-de-recursos-humanos-2\/\"><img loading=\"lazy\" decoding=\"async\" class=\"scale-with-grid wp-post-image\" src=\"https:\/\/www.alveria.it\/wp-content\/uploads\/2024\/03\/Hr-e-Ai-levoluzione-che-passa-dalla-gestione-delle-risorse-umane.jpg\" sizes=\"auto, (max-width:767px) 480px, (max-width:1220px) 100vw, 1220px\" srcset=\"https:\/\/www.alveria.it\/wp-content\/uploads\/2024\/03\/Hr-e-Ai-levoluzione-che-passa-dalla-gestione-delle-risorse-umane.jpg 1280w, https:\/\/www.alveria.it\/wp-content\/uploads\/2024\/03\/Hr-e-Ai-levoluzione-che-passa-dalla-gestione-delle-risorse-umane-500x281.jpg 500w, https:\/\/www.alveria.it\/wp-content\/uploads\/2024\/03\/Hr-e-Ai-levoluzione-che-passa-dalla-gestione-delle-risorse-umane-1200x675.jpg 1200w, https:\/\/www.alveria.it\/wp-content\/uploads\/2024\/03\/Hr-e-Ai-levoluzione-che-passa-dalla-gestione-delle-risorse-umane-300x169.jpg 300w, https:\/\/www.alveria.it\/wp-content\/uploads\/2024\/03\/Hr-e-Ai-levoluzione-che-passa-dalla-gestione-delle-risorse-umane-768x432.jpg 768w, https:\/\/www.alveria.it\/wp-content\/uploads\/2024\/03\/Hr-e-Ai-levoluzione-che-passa-dalla-gestione-delle-risorse-umane-18x10.jpg 18w, https:\/\/www.alveria.it\/wp-content\/uploads\/2024\/03\/Hr-e-Ai-levoluzione-che-passa-dalla-gestione-delle-risorse-umane-133x75.jpg 133w, https:\/\/www.alveria.it\/wp-content\/uploads\/2024\/03\/Hr-e-Ai-levoluzione-che-passa-dalla-gestione-delle-risorse-umane-480x270.jpg 480w\" alt=\"\" width=\"1220\" height=\"686\" \/><span class=\"c\">0<\/span><strong>Recursos Humanos<\/strong><br \/><\/a>\n<h6>RRHH e IA: la evoluci\u00f3n a trav\u00e9s de la gesti\u00f3n de recursos humanos<\/h6>\n<p><span class=\"date\">20 de marzo de 2024<\/span><\/p>\n<\/li>\n<li class=\"post format-\"><a href=\"https:\/\/www.alveria.it\/espanol\/2024\/02\/22\/las-fronteras-de-las-mejores-practicas-de-la-experiencia-del-empleado-comparadas\/\"><img loading=\"lazy\" decoding=\"async\" class=\"scale-with-grid wp-post-image\" src=\"https:\/\/www.alveria.it\/wp-content\/uploads\/2024\/02\/Le-frontiere-dellemployee-experience-best-practice-a-confronto.jpg\" sizes=\"auto, (max-width:767px) 480px, (max-width:1220px) 100vw, 1220px\" srcset=\"https:\/\/www.alveria.it\/wp-content\/uploads\/2024\/02\/Le-frontiere-dellemployee-experience-best-practice-a-confronto.jpg 1280w, https:\/\/www.alveria.it\/wp-content\/uploads\/2024\/02\/Le-frontiere-dellemployee-experience-best-practice-a-confronto-500x281.jpg 500w, https:\/\/www.alveria.it\/wp-content\/uploads\/2024\/02\/Le-frontiere-dellemployee-experience-best-practice-a-confronto-1200x675.jpg 1200w, https:\/\/www.alveria.it\/wp-content\/uploads\/2024\/02\/Le-frontiere-dellemployee-experience-best-practice-a-confronto-300x169.jpg 300w, https:\/\/www.alveria.it\/wp-content\/uploads\/2024\/02\/Le-frontiere-dellemployee-experience-best-practice-a-confronto-768x432.jpg 768w, https:\/\/www.alveria.it\/wp-content\/uploads\/2024\/02\/Le-frontiere-dellemployee-experience-best-practice-a-confronto-18x10.jpg 18w, https:\/\/www.alveria.it\/wp-content\/uploads\/2024\/02\/Le-frontiere-dellemployee-experience-best-practice-a-confronto-133x75.jpg 133w, https:\/\/www.alveria.it\/wp-content\/uploads\/2024\/02\/Le-frontiere-dellemployee-experience-best-practice-a-confronto-480x270.jpg 480w\" alt=\"\" width=\"1220\" height=\"686\" \/><span class=\"c\">0<\/span><strong>Recursos Humanos<\/strong><br \/><\/a>\n<h6>Fronteras de la experiencia del empleado: comparaci\u00f3n de las mejores pr\u00e1cticas<\/h6>\n<p><span class=\"date\">22 de febrero de 2024<\/span><\/p>\n<\/li>\n<\/ul>\n<h3>Buscar aqu\u00ed<\/h3>\n<p>.path{fill:none;stroke-miterlimit:10;stroke-width:1.5px;}<br \/><span class=\"mfn-close-icon icon_close\" tabindex=\"0\"><span class=\"icon\">\u2715<\/span><\/span><\/p>\n<h3>Etiquetas populares<\/h3>\n<p><a class=\"tag-cloud-link tag-link-44 tag-link-position-1\" style=\"font-size: 22pt;\" href=\"https:\/\/www.alveria.it\/espanol\/etiqueta\/articulo\/\" aria-label=\"Art\u00edculo (6 art\u00edculos)\">Art\u00edculo<\/a><br \/><a class=\"tag-cloud-link tag-link-45 tag-link-position-2\" style=\"font-size: 18.181818181818pt;\" href=\"https:\/\/www.alveria.it\/espanol\/etiqueta\/estudio-monografico\/\" aria-label=\"Estudio de caso (4 elementos)\">Estudio de caso<\/a><br \/><a class=\"tag-cloud-link tag-link-46 tag-link-position-3\" style=\"font-size: 15.636363636364pt;\" href=\"https:\/\/www.alveria.it\/espanol\/etiqueta\/en-presencia\/\" aria-label=\"Asistentes (3 elementos)\">En presencia<\/a><br \/><a class=\"tag-cloud-link tag-link-52 tag-link-position-4\" style=\"font-size: 20.218181818182pt;\" href=\"https:\/\/www.alveria.it\/espanol\/etiqueta\/en-presencia-en-linea\/\" aria-label=\"En presencia\/en l\u00ednea (5 elementos)\">Presencial\/en l\u00ednea<\/a><br \/><a class=\"tag-cloud-link tag-link-47 tag-link-position-5\" style=\"font-size: 8pt;\" href=\"https:\/\/www.alveria.it\/espanol\/etiqueta\/en-linea\/\" aria-label=\"En l\u00ednea (1 art\u00edculo)\">En l\u00ednea<\/a><br \/>\u00a0<\/p>\n<h1 class=\"title\">CONSULTOR\u00cdA, FORMACI\u00d3N EN DIGITALIZACI\u00d3N DE HR Y SOLUCIONES EMPRESARIALES DESCUBRA EL M\u00c9TODO ALVERIA Y PREP\u00c1RESE PARA EL CAMBIO.<\/h1>\n<p><a class=\"button  button_size_2 button_dark\" title=\"\" href=\"\/espanol\/contactos\/\"><span class=\"button_label\">SOLICITAR M\u00c1S INFORMACI\u00d3N<\/span><\/a><\/p>","protected":false},"excerpt":{"rendered":"<p>Le esperamos del 15 al 17 de septiembre en el Teatro Comunale Serpente Aureo de Offida (AP).<\/p>","protected":false},"author":4,"featured_media":1310,"comment_status":"open","ping_status":"open","sticky":false,"template":"","format":"standard","meta":{"iawp_total_views":16,"footnotes":""},"categories":[37],"tags":[46],"class_list":["post-801","post","type-post","status-publish","format-standard","has-post-thumbnail","hentry","category-eventi","tag-in-presenza"],"yoast_head":"<!-- This site is optimized with the Yoast SEO plugin v27.5 - https:\/\/yoast.com\/product\/yoast-seo-wordpress\/ -->\n<title>Offida Film Festival 2023: Alveria e Sponsor Ufficiale<\/title>\n<meta name=\"description\" content=\"Partecipa all&#039;Offida Film Festival 2023 dal 15 al 17 settembre al Teatro Comunale Serpente Aureo di Offida (AP).\" \/>\n<meta name=\"robots\" content=\"index, follow, max-snippet:-1, max-image-preview:large, max-video-preview:-1\" \/>\n<link rel=\"canonical\" href=\"https:\/\/www.alveria.it\/espanol\/2023\/08\/28\/alveria-y-patrocinador-del-festival-de-cine-de-offida-2023\/\" \/>\n<meta property=\"og:locale\" content=\"es_ES\" \/>\n<meta property=\"og:type\" content=\"article\" \/>\n<meta property=\"og:title\" content=\"Offida Film Festival 2023: Alveria e Sponsor Ufficiale\" \/>\n<meta property=\"og:description\" content=\"Partecipa all&#039;Offida Film Festival 2023 dal 15 al 17 settembre al Teatro Comunale Serpente Aureo di Offida (AP).\" \/>\n<meta property=\"og:url\" content=\"https:\/\/www.alveria.it\/espanol\/2023\/08\/28\/alveria-y-patrocinador-del-festival-de-cine-de-offida-2023\/\" \/>\n<meta property=\"og:site_name\" content=\"Alveria - Consulting, Training and Solutions\" \/>\n<meta property=\"article:published_time\" content=\"2023-08-28T09:40:00+00:00\" \/>\n<meta property=\"article:modified_time\" content=\"2024-05-19T11:28:52+00:00\" \/>\n<meta property=\"og:image\" content=\"https:\/\/www.alveria.it\/wp-content\/uploads\/2023\/08\/Alveria-e-sponsor-di-Offida-Film-Festival-2023.jpg\" \/>\n\t<meta property=\"og:image:width\" content=\"1280\" \/>\n\t<meta property=\"og:image:height\" content=\"720\" \/>\n\t<meta property=\"og:image:type\" content=\"image\/jpeg\" \/>\n<meta name=\"author\" content=\"Monica Auditore\" \/>\n<meta name=\"twitter:card\" content=\"summary_large_image\" \/>\n<meta name=\"twitter:label1\" content=\"Escrito por\" \/>\n\t<meta name=\"twitter:data1\" content=\"Monica Auditore\" \/>\n\t<meta name=\"twitter:label2\" content=\"Tiempo de lectura\" \/>\n\t<meta name=\"twitter:data2\" content=\"3 minutos\" \/>\n<script type=\"application\/ld+json\" class=\"yoast-schema-graph\">{\"@context\":\"https:\\\/\\\/schema.org\",\"@graph\":[{\"@type\":\"Article\",\"@id\":\"https:\\\/\\\/www.alveria.it\\\/2023\\\/08\\\/28\\\/alveria-e-sponsor-di-offida-film-festival-2023\\\/#article\",\"isPartOf\":{\"@id\":\"https:\\\/\\\/www.alveria.it\\\/2023\\\/08\\\/28\\\/alveria-e-sponsor-di-offida-film-festival-2023\\\/\"},\"author\":{\"name\":\"Monica Auditore\",\"@id\":\"https:\\\/\\\/www.alveria.it\\\/#\\\/schema\\\/person\\\/3d4647067f7f3121fe0f8c8234748cc2\"},\"headline\":\"ALVERIA \u00c8 SPONSOR DI OFFIDA FILM FESTIVAL 2023\",\"datePublished\":\"2023-08-28T09:40:00+00:00\",\"dateModified\":\"2024-05-19T11:28:52+00:00\",\"mainEntityOfPage\":{\"@id\":\"https:\\\/\\\/www.alveria.it\\\/2023\\\/08\\\/28\\\/alveria-e-sponsor-di-offida-film-festival-2023\\\/\"},\"wordCount\":231,\"commentCount\":0,\"publisher\":{\"@id\":\"https:\\\/\\\/www.alveria.it\\\/#organization\"},\"image\":{\"@id\":\"https:\\\/\\\/www.alveria.it\\\/2023\\\/08\\\/28\\\/alveria-e-sponsor-di-offida-film-festival-2023\\\/#primaryimage\"},\"thumbnailUrl\":\"https:\\\/\\\/www.alveria.it\\\/wp-content\\\/uploads\\\/2023\\\/08\\\/Alveria-e-sponsor-di-Offida-Film-Festival-2023.jpg\",\"keywords\":[\"In presenza\"],\"articleSection\":[\"Eventi\"],\"inLanguage\":\"es\",\"potentialAction\":[{\"@type\":\"CommentAction\",\"name\":\"Comment\",\"target\":[\"https:\\\/\\\/www.alveria.it\\\/2023\\\/08\\\/28\\\/alveria-e-sponsor-di-offida-film-festival-2023\\\/#respond\"]}]},{\"@type\":\"WebPage\",\"@id\":\"https:\\\/\\\/www.alveria.it\\\/2023\\\/08\\\/28\\\/alveria-e-sponsor-di-offida-film-festival-2023\\\/\",\"url\":\"https:\\\/\\\/www.alveria.it\\\/2023\\\/08\\\/28\\\/alveria-e-sponsor-di-offida-film-festival-2023\\\/\",\"name\":\"Offida Film Festival 2023: Alveria e Sponsor Ufficiale\",\"isPartOf\":{\"@id\":\"https:\\\/\\\/www.alveria.it\\\/#website\"},\"primaryImageOfPage\":{\"@id\":\"https:\\\/\\\/www.alveria.it\\\/2023\\\/08\\\/28\\\/alveria-e-sponsor-di-offida-film-festival-2023\\\/#primaryimage\"},\"image\":{\"@id\":\"https:\\\/\\\/www.alveria.it\\\/2023\\\/08\\\/28\\\/alveria-e-sponsor-di-offida-film-festival-2023\\\/#primaryimage\"},\"thumbnailUrl\":\"https:\\\/\\\/www.alveria.it\\\/wp-content\\\/uploads\\\/2023\\\/08\\\/Alveria-e-sponsor-di-Offida-Film-Festival-2023.jpg\",\"datePublished\":\"2023-08-28T09:40:00+00:00\",\"dateModified\":\"2024-05-19T11:28:52+00:00\",\"description\":\"Partecipa all'Offida Film Festival 2023 dal 15 al 17 settembre al Teatro Comunale Serpente Aureo di Offida (AP).\",\"breadcrumb\":{\"@id\":\"https:\\\/\\\/www.alveria.it\\\/2023\\\/08\\\/28\\\/alveria-e-sponsor-di-offida-film-festival-2023\\\/#breadcrumb\"},\"inLanguage\":\"es\",\"potentialAction\":[{\"@type\":\"ReadAction\",\"target\":[\"https:\\\/\\\/www.alveria.it\\\/2023\\\/08\\\/28\\\/alveria-e-sponsor-di-offida-film-festival-2023\\\/\"]}]},{\"@type\":\"ImageObject\",\"inLanguage\":\"es\",\"@id\":\"https:\\\/\\\/www.alveria.it\\\/2023\\\/08\\\/28\\\/alveria-e-sponsor-di-offida-film-festival-2023\\\/#primaryimage\",\"url\":\"https:\\\/\\\/www.alveria.it\\\/wp-content\\\/uploads\\\/2023\\\/08\\\/Alveria-e-sponsor-di-Offida-Film-Festival-2023.jpg\",\"contentUrl\":\"https:\\\/\\\/www.alveria.it\\\/wp-content\\\/uploads\\\/2023\\\/08\\\/Alveria-e-sponsor-di-Offida-Film-Festival-2023.jpg\",\"width\":1280,\"height\":720},{\"@type\":\"BreadcrumbList\",\"@id\":\"https:\\\/\\\/www.alveria.it\\\/2023\\\/08\\\/28\\\/alveria-e-sponsor-di-offida-film-festival-2023\\\/#breadcrumb\",\"itemListElement\":[{\"@type\":\"ListItem\",\"position\":1,\"name\":\"Home\",\"item\":\"https:\\\/\\\/www.alveria.it\\\/\"},{\"@type\":\"ListItem\",\"position\":2,\"name\":\"ALVERIA \u00c8 SPONSOR DI OFFIDA FILM FESTIVAL 2023\"}]},{\"@type\":\"WebSite\",\"@id\":\"https:\\\/\\\/www.alveria.it\\\/#website\",\"url\":\"https:\\\/\\\/www.alveria.it\\\/\",\"name\":\"Alveria - Consulting, Training and Solutions\",\"description\":\"Alveria - Consulting, Training and Solutions\",\"publisher\":{\"@id\":\"https:\\\/\\\/www.alveria.it\\\/#organization\"},\"potentialAction\":[{\"@type\":\"SearchAction\",\"target\":{\"@type\":\"EntryPoint\",\"urlTemplate\":\"https:\\\/\\\/www.alveria.it\\\/?s={search_term_string}\"},\"query-input\":{\"@type\":\"PropertyValueSpecification\",\"valueRequired\":true,\"valueName\":\"search_term_string\"}}],\"inLanguage\":\"es\"},{\"@type\":\"Organization\",\"@id\":\"https:\\\/\\\/www.alveria.it\\\/#organization\",\"name\":\"Alveria - Consulting, Training and Solutions\",\"url\":\"https:\\\/\\\/www.alveria.it\\\/\",\"logo\":{\"@type\":\"ImageObject\",\"inLanguage\":\"es\",\"@id\":\"https:\\\/\\\/www.alveria.it\\\/#\\\/schema\\\/logo\\\/image\\\/\",\"url\":\"https:\\\/\\\/www.alveria.it\\\/wp-content\\\/uploads\\\/2023\\\/12\\\/logo_alveria_normal.svg\",\"contentUrl\":\"https:\\\/\\\/www.alveria.it\\\/wp-content\\\/uploads\\\/2023\\\/12\\\/logo_alveria_normal.svg\",\"caption\":\"Alveria - Consulting, Training and Solutions\"},\"image\":{\"@id\":\"https:\\\/\\\/www.alveria.it\\\/#\\\/schema\\\/logo\\\/image\\\/\"}},{\"@type\":\"Person\",\"@id\":\"https:\\\/\\\/www.alveria.it\\\/#\\\/schema\\\/person\\\/3d4647067f7f3121fe0f8c8234748cc2\",\"name\":\"Monica Auditore\",\"image\":{\"@type\":\"ImageObject\",\"inLanguage\":\"es\",\"@id\":\"https:\\\/\\\/secure.gravatar.com\\\/avatar\\\/9cabeb5b300dbfb7990236215d21406463422e922d57cf9ca3f0c346307885ff?s=96&d=mm&r=g\",\"url\":\"https:\\\/\\\/secure.gravatar.com\\\/avatar\\\/9cabeb5b300dbfb7990236215d21406463422e922d57cf9ca3f0c346307885ff?s=96&d=mm&r=g\",\"contentUrl\":\"https:\\\/\\\/secure.gravatar.com\\\/avatar\\\/9cabeb5b300dbfb7990236215d21406463422e922d57cf9ca3f0c346307885ff?s=96&d=mm&r=g\",\"caption\":\"Monica Auditore\"}}]}<\/script>\n<!-- \/ Yoast SEO plugin. -->","yoast_head_json":{"title":"Festival de Cine de Offida 2023: Alveria y Patrocinador Oficial","description":"Participar\u00e1 en el Offida Film Festival 2023 del 15 al 17 de septiembre en el Teatro Comunale Serpente Aureo de Offida (AP).","robots":{"index":"index","follow":"follow","max-snippet":"max-snippet:-1","max-image-preview":"max-image-preview:large","max-video-preview":"max-video-preview:-1"},"canonical":"https:\/\/www.alveria.it\/espanol\/2023\/08\/28\/alveria-y-patrocinador-del-festival-de-cine-de-offida-2023\/","og_locale":"es_ES","og_type":"article","og_title":"Offida Film Festival 2023: Alveria e Sponsor Ufficiale","og_description":"Partecipa all'Offida Film Festival 2023 dal 15 al 17 settembre al Teatro Comunale Serpente Aureo di Offida (AP).","og_url":"https:\/\/www.alveria.it\/espanol\/2023\/08\/28\/alveria-y-patrocinador-del-festival-de-cine-de-offida-2023\/","og_site_name":"Alveria - Consulting, Training and Solutions","article_published_time":"2023-08-28T09:40:00+00:00","article_modified_time":"2024-05-19T11:28:52+00:00","og_image":[{"width":1280,"height":720,"url":"https:\/\/www.alveria.it\/wp-content\/uploads\/2023\/08\/Alveria-e-sponsor-di-Offida-Film-Festival-2023.jpg","type":"image\/jpeg"}],"author":"Monica Auditore","twitter_card":"summary_large_image","twitter_misc":{"Escrito por":"Monica Auditore","Tiempo de lectura":"3 minutos"},"schema":{"@context":"https:\/\/schema.org","@graph":[{"@type":"Article","@id":"https:\/\/www.alveria.it\/2023\/08\/28\/alveria-e-sponsor-di-offida-film-festival-2023\/#article","isPartOf":{"@id":"https:\/\/www.alveria.it\/2023\/08\/28\/alveria-e-sponsor-di-offida-film-festival-2023\/"},"author":{"name":"Monica Auditore","@id":"https:\/\/www.alveria.it\/#\/schema\/person\/3d4647067f7f3121fe0f8c8234748cc2"},"headline":"ALVERIA \u00c8 SPONSOR DI OFFIDA FILM FESTIVAL 2023","datePublished":"2023-08-28T09:40:00+00:00","dateModified":"2024-05-19T11:28:52+00:00","mainEntityOfPage":{"@id":"https:\/\/www.alveria.it\/2023\/08\/28\/alveria-e-sponsor-di-offida-film-festival-2023\/"},"wordCount":231,"commentCount":0,"publisher":{"@id":"https:\/\/www.alveria.it\/#organization"},"image":{"@id":"https:\/\/www.alveria.it\/2023\/08\/28\/alveria-e-sponsor-di-offida-film-festival-2023\/#primaryimage"},"thumbnailUrl":"https:\/\/www.alveria.it\/wp-content\/uploads\/2023\/08\/Alveria-e-sponsor-di-Offida-Film-Festival-2023.jpg","keywords":["In presenza"],"articleSection":["Eventi"],"inLanguage":"es","potentialAction":[{"@type":"CommentAction","name":"Comment","target":["https:\/\/www.alveria.it\/2023\/08\/28\/alveria-e-sponsor-di-offida-film-festival-2023\/#respond"]}]},{"@type":"WebPage","@id":"https:\/\/www.alveria.it\/2023\/08\/28\/alveria-e-sponsor-di-offida-film-festival-2023\/","url":"https:\/\/www.alveria.it\/2023\/08\/28\/alveria-e-sponsor-di-offida-film-festival-2023\/","name":"Festival de Cine de Offida 2023: Alveria y Patrocinador Oficial","isPartOf":{"@id":"https:\/\/www.alveria.it\/#website"},"primaryImageOfPage":{"@id":"https:\/\/www.alveria.it\/2023\/08\/28\/alveria-e-sponsor-di-offida-film-festival-2023\/#primaryimage"},"image":{"@id":"https:\/\/www.alveria.it\/2023\/08\/28\/alveria-e-sponsor-di-offida-film-festival-2023\/#primaryimage"},"thumbnailUrl":"https:\/\/www.alveria.it\/wp-content\/uploads\/2023\/08\/Alveria-e-sponsor-di-Offida-Film-Festival-2023.jpg","datePublished":"2023-08-28T09:40:00+00:00","dateModified":"2024-05-19T11:28:52+00:00","description":"Participar\u00e1 en el Offida Film Festival 2023 del 15 al 17 de septiembre en el Teatro Comunale Serpente Aureo de Offida (AP).","breadcrumb":{"@id":"https:\/\/www.alveria.it\/2023\/08\/28\/alveria-e-sponsor-di-offida-film-festival-2023\/#breadcrumb"},"inLanguage":"es","potentialAction":[{"@type":"ReadAction","target":["https:\/\/www.alveria.it\/2023\/08\/28\/alveria-e-sponsor-di-offida-film-festival-2023\/"]}]},{"@type":"ImageObject","inLanguage":"es","@id":"https:\/\/www.alveria.it\/2023\/08\/28\/alveria-e-sponsor-di-offida-film-festival-2023\/#primaryimage","url":"https:\/\/www.alveria.it\/wp-content\/uploads\/2023\/08\/Alveria-e-sponsor-di-Offida-Film-Festival-2023.jpg","contentUrl":"https:\/\/www.alveria.it\/wp-content\/uploads\/2023\/08\/Alveria-e-sponsor-di-Offida-Film-Festival-2023.jpg","width":1280,"height":720},{"@type":"BreadcrumbList","@id":"https:\/\/www.alveria.it\/2023\/08\/28\/alveria-e-sponsor-di-offida-film-festival-2023\/#breadcrumb","itemListElement":[{"@type":"ListItem","position":1,"name":"Home","item":"https:\/\/www.alveria.it\/"},{"@type":"ListItem","position":2,"name":"ALVERIA \u00c8 SPONSOR DI OFFIDA FILM FESTIVAL 2023"}]},{"@type":"WebSite","@id":"https:\/\/www.alveria.it\/#website","url":"https:\/\/www.alveria.it\/","name":"Alveria - Consultor\u00eda, formaci\u00f3n y soluciones","description":"Alveria - Consultor\u00eda, formaci\u00f3n y soluciones","publisher":{"@id":"https:\/\/www.alveria.it\/#organization"},"potentialAction":[{"@type":"SearchAction","target":{"@type":"EntryPoint","urlTemplate":"https:\/\/www.alveria.it\/?s={search_term_string}"},"query-input":{"@type":"PropertyValueSpecification","valueRequired":true,"valueName":"search_term_string"}}],"inLanguage":"es"},{"@type":"Organization","@id":"https:\/\/www.alveria.it\/#organization","name":"Alveria - Consultor\u00eda, formaci\u00f3n y soluciones","url":"https:\/\/www.alveria.it\/","logo":{"@type":"ImageObject","inLanguage":"es","@id":"https:\/\/www.alveria.it\/#\/schema\/logo\/image\/","url":"https:\/\/www.alveria.it\/wp-content\/uploads\/2023\/12\/logo_alveria_normal.svg","contentUrl":"https:\/\/www.alveria.it\/wp-content\/uploads\/2023\/12\/logo_alveria_normal.svg","caption":"Alveria - Consulting, Training and Solutions"},"image":{"@id":"https:\/\/www.alveria.it\/#\/schema\/logo\/image\/"}},{"@type":"Person","@id":"https:\/\/www.alveria.it\/#\/schema\/person\/3d4647067f7f3121fe0f8c8234748cc2","name":"Monica Auditore","image":{"@type":"ImageObject","inLanguage":"es","@id":"https:\/\/secure.gravatar.com\/avatar\/9cabeb5b300dbfb7990236215d21406463422e922d57cf9ca3f0c346307885ff?s=96&d=mm&r=g","url":"https:\/\/secure.gravatar.com\/avatar\/9cabeb5b300dbfb7990236215d21406463422e922d57cf9ca3f0c346307885ff?s=96&d=mm&r=g","contentUrl":"https:\/\/secure.gravatar.com\/avatar\/9cabeb5b300dbfb7990236215d21406463422e922d57cf9ca3f0c346307885ff?s=96&d=mm&r=g","caption":"Monica Auditore"}}]}},"_links":{"self":[{"href":"https:\/\/www.alveria.it\/espanol\/wp-json\/wp\/v2\/posts\/801","targetHints":{"allow":["GET"]}}],"collection":[{"href":"https:\/\/www.alveria.it\/espanol\/wp-json\/wp\/v2\/posts"}],"about":[{"href":"https:\/\/www.alveria.it\/espanol\/wp-json\/wp\/v2\/types\/post"}],"author":[{"embeddable":true,"href":"https:\/\/www.alveria.it\/espanol\/wp-json\/wp\/v2\/users\/4"}],"replies":[{"embeddable":true,"href":"https:\/\/www.alveria.it\/espanol\/wp-json\/wp\/v2\/comments?post=801"}],"version-history":[{"count":3,"href":"https:\/\/www.alveria.it\/espanol\/wp-json\/wp\/v2\/posts\/801\/revisions"}],"predecessor-version":[{"id":1372,"href":"https:\/\/www.alveria.it\/espanol\/wp-json\/wp\/v2\/posts\/801\/revisions\/1372"}],"wp:featuredmedia":[{"embeddable":true,"href":"https:\/\/www.alveria.it\/espanol\/wp-json\/wp\/v2\/media\/1310"}],"wp:attachment":[{"href":"https:\/\/www.alveria.it\/espanol\/wp-json\/wp\/v2\/media?parent=801"}],"wp:term":[{"taxonomy":"category","embeddable":true,"href":"https:\/\/www.alveria.it\/espanol\/wp-json\/wp\/v2\/categories?post=801"},{"taxonomy":"post_tag","embeddable":true,"href":"https:\/\/www.alveria.it\/espanol\/wp-json\/wp\/v2\/tags?post=801"}],"curies":[{"name":"wp","href":"https:\/\/api.w.org\/{rel}","templated":true}]}}