{"id":1638,"date":"2024-10-08T13:07:59","date_gmt":"2024-10-08T13:07:59","guid":{"rendered":"https:\/\/www.alveria.it\/?p=1638"},"modified":"2024-10-08T13:08:49","modified_gmt":"2024-10-08T13:08:49","slug":"alveria-y-patrocinador-del-6o-festival-de-seguridad-digital-1638","status":"publish","type":"post","link":"https:\/\/www.alveria.it\/espanol\/2024\/10\/08\/alveria-e-sponsor-della-6-edizione-del-digital-security-festival-1638\/","title":{"rendered":"ALVERIA PATROCINA EL 6\u00ba FESTIVAL DE SEGURIDAD DIGITAL"},"content":{"rendered":"<p style=\"text-align: left;\"><strong>Del 18 de octubre al 8 de noviembre<\/strong>\u00a0estaremos presentes, como patrocinadores, en el Festival de Seguridad Digital: un evento que tiene como objetivo difundir la <strong>cultura digital<\/strong> de\u00a0<strong>seguridad<\/strong>\u00a0y ense\u00f1ar los fundamentos de la protecci\u00f3n de nuestros dispositivos a\u00a0<strong>casa<\/strong>, a\u00a0<strong>escuela<\/strong>\u00a0y en el\u00a0<strong>empresas<\/strong>.<\/p>\n<h2>Festival de Seguridad Digital: informaci\u00f3n y programa<\/h2>\n<p style=\"text-align: left;\">El Festival de Seguridad Digital tendr\u00e1 lugar <strong>en parte en<\/strong>\u00a0<strong>presencia<\/strong>en varias localidades prestigiosas entre Friuli Venezia Giulia y V\u00e9neto, y <strong>parcialmente en l\u00ednea<\/strong>con\u00a0<strong>webinar pro<\/strong> e <strong>mesas redondas<\/strong>\u00a0de debate en las redes sociales.<\/p>\n<p style=\"text-align: left;\">El acto est\u00e1 abierto a ciudadanos de a pie, empresas, instituciones y escuelas y contar\u00e1 con la participaci\u00f3n de <strong>cincuenta oradores<\/strong>\u00a0que se turnar\u00e1n en las distintas sedes f\u00edsicas y digitales del evento.<\/p>\n<p style=\"text-align: left;\"><strong>Evento acreditado en el Mes Europeo de la Ciberseguridad (ECSM) y patrocinado por el ITClubFVG en cooperaci\u00f3n con diversas organizaciones, instituciones y asociaciones locales y nacionales.<\/strong><\/p>\n<p style=\"text-align: center;\"><a href=\"https:\/\/www.digitalsecurityfestival.it\/edizione-2024\/programma\/\"><span class=\"button_label\">PROGRAMA COMPLETO<\/span><\/a><\/p>\n<h3>\u00daltimas entradas<\/h3>\n<ul>\n<li class=\"post format-\"><a href=\"https:\/\/www.alveria.it\/espanol\/2024\/05\/12\/herramientas-de-rrhh-cuales-son-las-mejores-1267\/\"><img loading=\"lazy\" decoding=\"async\" class=\"scale-with-grid wp-post-image\" src=\"https:\/\/www.alveria.it\/wp-content\/uploads\/2024\/05\/Tools-per-hr-quali-sono-i-migliori-1.jpg\" sizes=\"auto, (max-width:767px) 480px, (max-width:1220px) 100vw, 1220px\" srcset=\"https:\/\/www.alveria.it\/wp-content\/uploads\/2024\/05\/Tools-per-hr-quali-sono-i-migliori-1.jpg 1280w, https:\/\/www.alveria.it\/wp-content\/uploads\/2024\/05\/Tools-per-hr-quali-sono-i-migliori-1-500x281.jpg 500w, https:\/\/www.alveria.it\/wp-content\/uploads\/2024\/05\/Tools-per-hr-quali-sono-i-migliori-1-1200x675.jpg 1200w, https:\/\/www.alveria.it\/wp-content\/uploads\/2024\/05\/Tools-per-hr-quali-sono-i-migliori-1-300x169.jpg 300w, https:\/\/www.alveria.it\/wp-content\/uploads\/2024\/05\/Tools-per-hr-quali-sono-i-migliori-1-768x432.jpg 768w, https:\/\/www.alveria.it\/wp-content\/uploads\/2024\/05\/Tools-per-hr-quali-sono-i-migliori-1-18x10.jpg 18w, https:\/\/www.alveria.it\/wp-content\/uploads\/2024\/05\/Tools-per-hr-quali-sono-i-migliori-1-133x75.jpg 133w, https:\/\/www.alveria.it\/wp-content\/uploads\/2024\/05\/Tools-per-hr-quali-sono-i-migliori-1-480x270.jpg 480w\" alt=\"\" width=\"1220\" height=\"686\" \/><span class=\"c\">0<\/span><strong>Digitalizaci\u00f3n<\/strong><br \/>\n<\/a><\/p>\n<h6>Herramientas de RRHH: \u00bfcu\u00e1les son las mejores?<\/h6>\n<p><span class=\"date\">12 de mayo de 2024<\/span><\/li>\n<li class=\"post format-\"><a href=\"https:\/\/www.alveria.it\/espanol\/2024\/03\/20\/rrhh-y-la-evolucion-de-la-gestion-de-recursos-humanos-2\/\"><img loading=\"lazy\" decoding=\"async\" class=\"scale-with-grid wp-post-image\" src=\"https:\/\/www.alveria.it\/wp-content\/uploads\/2024\/03\/Hr-e-Ai-levoluzione-che-passa-dalla-gestione-delle-risorse-umane.jpg\" sizes=\"auto, (max-width:767px) 480px, (max-width:1220px) 100vw, 1220px\" srcset=\"https:\/\/www.alveria.it\/wp-content\/uploads\/2024\/03\/Hr-e-Ai-levoluzione-che-passa-dalla-gestione-delle-risorse-umane.jpg 1280w, https:\/\/www.alveria.it\/wp-content\/uploads\/2024\/03\/Hr-e-Ai-levoluzione-che-passa-dalla-gestione-delle-risorse-umane-500x281.jpg 500w, https:\/\/www.alveria.it\/wp-content\/uploads\/2024\/03\/Hr-e-Ai-levoluzione-che-passa-dalla-gestione-delle-risorse-umane-1200x675.jpg 1200w, https:\/\/www.alveria.it\/wp-content\/uploads\/2024\/03\/Hr-e-Ai-levoluzione-che-passa-dalla-gestione-delle-risorse-umane-300x169.jpg 300w, https:\/\/www.alveria.it\/wp-content\/uploads\/2024\/03\/Hr-e-Ai-levoluzione-che-passa-dalla-gestione-delle-risorse-umane-768x432.jpg 768w, https:\/\/www.alveria.it\/wp-content\/uploads\/2024\/03\/Hr-e-Ai-levoluzione-che-passa-dalla-gestione-delle-risorse-umane-18x10.jpg 18w, https:\/\/www.alveria.it\/wp-content\/uploads\/2024\/03\/Hr-e-Ai-levoluzione-che-passa-dalla-gestione-delle-risorse-umane-133x75.jpg 133w, https:\/\/www.alveria.it\/wp-content\/uploads\/2024\/03\/Hr-e-Ai-levoluzione-che-passa-dalla-gestione-delle-risorse-umane-480x270.jpg 480w\" alt=\"\" width=\"1220\" height=\"686\" \/><span class=\"c\">0<\/span><strong>Recursos Humanos<\/strong><br \/>\n<\/a><\/p>\n<h6>RRHH e IA: la evoluci\u00f3n a trav\u00e9s de la gesti\u00f3n de recursos humanos<\/h6>\n<p><span class=\"date\">20 de marzo de 2024<\/span><\/li>\n<li class=\"post format-\"><a href=\"https:\/\/www.alveria.it\/espanol\/2024\/02\/22\/las-fronteras-de-las-mejores-practicas-de-la-experiencia-del-empleado-comparadas\/\"><img loading=\"lazy\" decoding=\"async\" class=\"scale-with-grid wp-post-image\" src=\"https:\/\/www.alveria.it\/wp-content\/uploads\/2024\/02\/Le-frontiere-dellemployee-experience-best-practice-a-confronto.jpg\" sizes=\"auto, (max-width:767px) 480px, (max-width:1220px) 100vw, 1220px\" srcset=\"https:\/\/www.alveria.it\/wp-content\/uploads\/2024\/02\/Le-frontiere-dellemployee-experience-best-practice-a-confronto.jpg 1280w, https:\/\/www.alveria.it\/wp-content\/uploads\/2024\/02\/Le-frontiere-dellemployee-experience-best-practice-a-confronto-500x281.jpg 500w, https:\/\/www.alveria.it\/wp-content\/uploads\/2024\/02\/Le-frontiere-dellemployee-experience-best-practice-a-confronto-1200x675.jpg 1200w, https:\/\/www.alveria.it\/wp-content\/uploads\/2024\/02\/Le-frontiere-dellemployee-experience-best-practice-a-confronto-300x169.jpg 300w, https:\/\/www.alveria.it\/wp-content\/uploads\/2024\/02\/Le-frontiere-dellemployee-experience-best-practice-a-confronto-768x432.jpg 768w, https:\/\/www.alveria.it\/wp-content\/uploads\/2024\/02\/Le-frontiere-dellemployee-experience-best-practice-a-confronto-18x10.jpg 18w, https:\/\/www.alveria.it\/wp-content\/uploads\/2024\/02\/Le-frontiere-dellemployee-experience-best-practice-a-confronto-133x75.jpg 133w, https:\/\/www.alveria.it\/wp-content\/uploads\/2024\/02\/Le-frontiere-dellemployee-experience-best-practice-a-confronto-480x270.jpg 480w\" alt=\"\" width=\"1220\" height=\"686\" \/><span class=\"c\">0<\/span><strong>Recursos Humanos<\/strong><br \/>\n<\/a><\/p>\n<h6>Fronteras de la experiencia del empleado: comparaci\u00f3n de las mejores pr\u00e1cticas<\/h6>\n<p><span class=\"date\">22 de febrero de 2024<\/span><\/li>\n<\/ul>\n<h3>Buscar aqu\u00ed<\/h3>\n<p>.path{fill:none;stroke-miterlimit:10;stroke-width:1.5px;}<br \/>\n<span class=\"mfn-close-icon icon_close\" tabindex=\"0\"><span class=\"icon\">\u2715<\/span><\/span><\/p>\n<h3>Etiquetas populares<\/h3>\n<p><a class=\"tag-cloud-link tag-link-44 tag-link-position-1\" style=\"font-size: 22pt;\" href=\"https:\/\/www.alveria.it\/espanol\/etiqueta\/articulo\/\" aria-label=\"Art\u00edculo (6 art\u00edculos)\">Art\u00edculo<\/a><br \/>\n<a class=\"tag-cloud-link tag-link-45 tag-link-position-2\" style=\"font-size: 18.181818181818pt;\" href=\"https:\/\/www.alveria.it\/espanol\/etiqueta\/estudio-monografico\/\" aria-label=\"Estudio de caso (4 elementos)\">Estudio de caso<\/a><br \/>\n<a class=\"tag-cloud-link tag-link-46 tag-link-position-3\" style=\"font-size: 15.636363636364pt;\" href=\"https:\/\/www.alveria.it\/espanol\/etiqueta\/en-presencia\/\" aria-label=\"Asistentes (3 elementos)\">En presencia<\/a><br \/>\n<a class=\"tag-cloud-link tag-link-52 tag-link-position-4\" style=\"font-size: 20.218181818182pt;\" href=\"https:\/\/www.alveria.it\/espanol\/etiqueta\/en-presencia-en-linea\/\" aria-label=\"En presencia\/en l\u00ednea (5 elementos)\">Presencial\/en l\u00ednea<\/a><br \/>\n<a class=\"tag-cloud-link tag-link-47 tag-link-position-5\" style=\"font-size: 8pt;\" href=\"https:\/\/www.alveria.it\/espanol\/etiqueta\/en-linea\/\" aria-label=\"En l\u00ednea (1 art\u00edculo)\">En l\u00ednea<\/a><\/p>\n<p class=\"title\">CONSULTOR\u00cdA, FORMACI\u00d3N EN DIGITALIZACI\u00d3N DE HR Y SOLUCIONES EMPRESARIALES DESCUBRA EL M\u00c9TODO ALVERIA Y PREP\u00c1RESE PARA EL CAMBIO.<\/p>\n<p><a class=\"button  button_size_2 button_dark\" title=\"\" href=\"\/espanol\/contactos\/\"><span class=\"button_label\">SOLICITAR M\u00c1S INFORMACI\u00d3N<\/span><\/a><\/p>","protected":false},"excerpt":{"rendered":"<p>Dal 18 ottobre all&#8217;8 novembre Alveria sar\u00e0 presente, in qualit\u00e0 di Sponsor alla 6\u00b0 edizione del Digital Security Festival.<\/p>","protected":false},"author":2,"featured_media":1641,"comment_status":"open","ping_status":"open","sticky":false,"template":"","format":"standard","meta":{"iawp_total_views":9,"footnotes":""},"categories":[37],"tags":[52],"class_list":["post-1638","post","type-post","status-publish","format-standard","has-post-thumbnail","hentry","category-eventi","tag-in-presenza-online"],"yoast_head":"<!-- This site is optimized with the Yoast SEO plugin v27.5 - https:\/\/yoast.com\/product\/yoast-seo-wordpress\/ -->\n<title>Alveria \u00e8 sponsor della 6\u00b0 edizione del Digital Security Festival<\/title>\n<meta name=\"description\" content=\"Dal 18 ottobre all&#039;8 novembre Alveria sar\u00e0 presente, in qualit\u00e0 di Sponsor alla 6\u00b0 edizione del Digital Security Festival.\" \/>\n<meta name=\"robots\" content=\"index, follow, max-snippet:-1, max-image-preview:large, max-video-preview:-1\" \/>\n<link rel=\"canonical\" href=\"https:\/\/www.alveria.it\/espanol\/?p=1638\" \/>\n<meta property=\"og:locale\" content=\"es_ES\" \/>\n<meta property=\"og:type\" content=\"article\" \/>\n<meta property=\"og:title\" content=\"Alveria \u00e8 sponsor della 6\u00b0 edizione del Digital Security Festival\" \/>\n<meta property=\"og:description\" content=\"Dal 18 ottobre all&#039;8 novembre Alveria sar\u00e0 presente, in qualit\u00e0 di Sponsor alla 6\u00b0 edizione del Digital Security Festival.\" \/>\n<meta property=\"og:url\" content=\"https:\/\/www.alveria.it\/espanol\/?p=1638\" \/>\n<meta property=\"og:site_name\" content=\"Alveria - Consulting, Training and Solutions\" \/>\n<meta property=\"article:published_time\" content=\"-0001-11-30T00:00:00+00:00\" \/>\n<meta property=\"article:modified_time\" content=\"2024-10-08T13:08:49+00:00\" \/>\n<meta property=\"og:image\" content=\"https:\/\/www.alveria.it\/wp-content\/uploads\/2024\/10\/digital-security-festival.jpg\" \/>\n\t<meta property=\"og:image:width\" content=\"1280\" \/>\n\t<meta property=\"og:image:height\" content=\"720\" \/>\n\t<meta property=\"og:image:type\" content=\"image\/jpeg\" \/>\n<meta name=\"author\" content=\"Roberta Sardo\" \/>\n<meta name=\"twitter:card\" content=\"summary_large_image\" \/>\n<meta name=\"twitter:label1\" content=\"Escrito por\" \/>\n\t<meta name=\"twitter:data1\" content=\"Roberta Sardo\" \/>\n\t<meta name=\"twitter:label2\" content=\"Tiempo de lectura\" \/>\n\t<meta name=\"twitter:data2\" content=\"2 minutos\" \/>\n<script type=\"application\/ld+json\" class=\"yoast-schema-graph\">{\"@context\":\"https:\\\/\\\/schema.org\",\"@graph\":[{\"@type\":\"Article\",\"@id\":\"https:\\\/\\\/www.alveria.it\\\/?p=1638#article\",\"isPartOf\":{\"@id\":\"https:\\\/\\\/www.alveria.it\\\/?p=1638\"},\"author\":{\"name\":\"Roberta Sardo\",\"@id\":\"https:\\\/\\\/www.alveria.it\\\/#\\\/schema\\\/person\\\/eb1f5cf33748eda0a88012759920cf51\"},\"headline\":\"ALVERIA \u00c8 SPONSOR DELLA 6\u00b0 EDIZIONE DEL DIGITAL SECURITY FESTIVAL\",\"datePublished\":\"-0001-11-30T00:00:00+00:00\",\"dateModified\":\"2024-10-08T13:08:49+00:00\",\"mainEntityOfPage\":{\"@id\":\"https:\\\/\\\/www.alveria.it\\\/?p=1638\"},\"wordCount\":222,\"commentCount\":0,\"publisher\":{\"@id\":\"https:\\\/\\\/www.alveria.it\\\/#organization\"},\"image\":{\"@id\":\"https:\\\/\\\/www.alveria.it\\\/?p=1638#primaryimage\"},\"thumbnailUrl\":\"https:\\\/\\\/www.alveria.it\\\/wp-content\\\/uploads\\\/2024\\\/10\\\/digital-security-festival.jpg\",\"keywords\":[\"In presenza\\\/online\"],\"articleSection\":[\"Eventi\"],\"inLanguage\":\"es\",\"potentialAction\":[{\"@type\":\"CommentAction\",\"name\":\"Comment\",\"target\":[\"https:\\\/\\\/www.alveria.it\\\/?p=1638#respond\"]}]},{\"@type\":\"WebPage\",\"@id\":\"https:\\\/\\\/www.alveria.it\\\/?p=1638\",\"url\":\"https:\\\/\\\/www.alveria.it\\\/?p=1638\",\"name\":\"Alveria \u00e8 sponsor della 6\u00b0 edizione del Digital Security Festival\",\"isPartOf\":{\"@id\":\"https:\\\/\\\/www.alveria.it\\\/#website\"},\"primaryImageOfPage\":{\"@id\":\"https:\\\/\\\/www.alveria.it\\\/?p=1638#primaryimage\"},\"image\":{\"@id\":\"https:\\\/\\\/www.alveria.it\\\/?p=1638#primaryimage\"},\"thumbnailUrl\":\"https:\\\/\\\/www.alveria.it\\\/wp-content\\\/uploads\\\/2024\\\/10\\\/digital-security-festival.jpg\",\"datePublished\":\"-0001-11-30T00:00:00+00:00\",\"dateModified\":\"2024-10-08T13:08:49+00:00\",\"description\":\"Dal 18 ottobre all'8 novembre Alveria sar\u00e0 presente, in qualit\u00e0 di Sponsor alla 6\u00b0 edizione del Digital Security Festival.\",\"breadcrumb\":{\"@id\":\"https:\\\/\\\/www.alveria.it\\\/?p=1638#breadcrumb\"},\"inLanguage\":\"es\",\"potentialAction\":[{\"@type\":\"ReadAction\",\"target\":[\"https:\\\/\\\/www.alveria.it\\\/?p=1638\"]}]},{\"@type\":\"ImageObject\",\"inLanguage\":\"es\",\"@id\":\"https:\\\/\\\/www.alveria.it\\\/?p=1638#primaryimage\",\"url\":\"https:\\\/\\\/www.alveria.it\\\/wp-content\\\/uploads\\\/2024\\\/10\\\/digital-security-festival.jpg\",\"contentUrl\":\"https:\\\/\\\/www.alveria.it\\\/wp-content\\\/uploads\\\/2024\\\/10\\\/digital-security-festival.jpg\",\"width\":1280,\"height\":720,\"caption\":\"digital-security-festival\"},{\"@type\":\"BreadcrumbList\",\"@id\":\"https:\\\/\\\/www.alveria.it\\\/?p=1638#breadcrumb\",\"itemListElement\":[{\"@type\":\"ListItem\",\"position\":1,\"name\":\"Home\",\"item\":\"https:\\\/\\\/www.alveria.it\\\/\"},{\"@type\":\"ListItem\",\"position\":2,\"name\":\"ALVERIA \u00c8 SPONSOR DELLA 6\u00b0 EDIZIONE DEL DIGITAL SECURITY FESTIVAL\"}]},{\"@type\":\"WebSite\",\"@id\":\"https:\\\/\\\/www.alveria.it\\\/#website\",\"url\":\"https:\\\/\\\/www.alveria.it\\\/\",\"name\":\"Alveria - Consulting, Training and Solutions\",\"description\":\"Alveria - Consulting, Training and Solutions\",\"publisher\":{\"@id\":\"https:\\\/\\\/www.alveria.it\\\/#organization\"},\"potentialAction\":[{\"@type\":\"SearchAction\",\"target\":{\"@type\":\"EntryPoint\",\"urlTemplate\":\"https:\\\/\\\/www.alveria.it\\\/?s={search_term_string}\"},\"query-input\":{\"@type\":\"PropertyValueSpecification\",\"valueRequired\":true,\"valueName\":\"search_term_string\"}}],\"inLanguage\":\"es\"},{\"@type\":\"Organization\",\"@id\":\"https:\\\/\\\/www.alveria.it\\\/#organization\",\"name\":\"Alveria - Consulting, Training and Solutions\",\"url\":\"https:\\\/\\\/www.alveria.it\\\/\",\"logo\":{\"@type\":\"ImageObject\",\"inLanguage\":\"es\",\"@id\":\"https:\\\/\\\/www.alveria.it\\\/#\\\/schema\\\/logo\\\/image\\\/\",\"url\":\"https:\\\/\\\/www.alveria.it\\\/wp-content\\\/uploads\\\/2023\\\/12\\\/logo_alveria_normal.svg\",\"contentUrl\":\"https:\\\/\\\/www.alveria.it\\\/wp-content\\\/uploads\\\/2023\\\/12\\\/logo_alveria_normal.svg\",\"caption\":\"Alveria - Consulting, Training and Solutions\"},\"image\":{\"@id\":\"https:\\\/\\\/www.alveria.it\\\/#\\\/schema\\\/logo\\\/image\\\/\"}},{\"@type\":\"Person\",\"@id\":\"https:\\\/\\\/www.alveria.it\\\/#\\\/schema\\\/person\\\/eb1f5cf33748eda0a88012759920cf51\",\"name\":\"Roberta Sardo\",\"image\":{\"@type\":\"ImageObject\",\"inLanguage\":\"es\",\"@id\":\"https:\\\/\\\/secure.gravatar.com\\\/avatar\\\/ffcbd455e7188a9cd16a40170583f8cd2979477ef912fe334fb7d03ea74580c4?s=96&d=mm&r=g\",\"url\":\"https:\\\/\\\/secure.gravatar.com\\\/avatar\\\/ffcbd455e7188a9cd16a40170583f8cd2979477ef912fe334fb7d03ea74580c4?s=96&d=mm&r=g\",\"contentUrl\":\"https:\\\/\\\/secure.gravatar.com\\\/avatar\\\/ffcbd455e7188a9cd16a40170583f8cd2979477ef912fe334fb7d03ea74580c4?s=96&d=mm&r=g\",\"caption\":\"Roberta Sardo\"}}]}<\/script>\n<!-- \/ Yoast SEO plugin. -->","yoast_head_json":{"title":"Alveria patrocina el 6\u00ba Festival de Seguridad Digital","description":"Del 18 de octubre al 8 de noviembre, Alveria estar\u00e1 presente como patrocinador en el 6\u00ba Festival de Seguridad Digital.","robots":{"index":"index","follow":"follow","max-snippet":"max-snippet:-1","max-image-preview":"max-image-preview:large","max-video-preview":"max-video-preview:-1"},"canonical":"https:\/\/www.alveria.it\/espanol\/?p=1638","og_locale":"es_ES","og_type":"article","og_title":"Alveria \u00e8 sponsor della 6\u00b0 edizione del Digital Security Festival","og_description":"Dal 18 ottobre all'8 novembre Alveria sar\u00e0 presente, in qualit\u00e0 di Sponsor alla 6\u00b0 edizione del Digital Security Festival.","og_url":"https:\/\/www.alveria.it\/espanol\/?p=1638","og_site_name":"Alveria - Consulting, Training and Solutions","article_published_time":"-0001-11-30T00:00:00+00:00","article_modified_time":"2024-10-08T13:08:49+00:00","og_image":[{"width":1280,"height":720,"url":"https:\/\/www.alveria.it\/wp-content\/uploads\/2024\/10\/digital-security-festival.jpg","type":"image\/jpeg"}],"author":"Roberta Sardo","twitter_card":"summary_large_image","twitter_misc":{"Escrito por":"Roberta Sardo","Tiempo de lectura":"2 minutos"},"schema":{"@context":"https:\/\/schema.org","@graph":[{"@type":"Article","@id":"https:\/\/www.alveria.it\/?p=1638#article","isPartOf":{"@id":"https:\/\/www.alveria.it\/?p=1638"},"author":{"name":"Roberta Sardo","@id":"https:\/\/www.alveria.it\/#\/schema\/person\/eb1f5cf33748eda0a88012759920cf51"},"headline":"ALVERIA \u00c8 SPONSOR DELLA 6\u00b0 EDIZIONE DEL DIGITAL SECURITY FESTIVAL","datePublished":"-0001-11-30T00:00:00+00:00","dateModified":"2024-10-08T13:08:49+00:00","mainEntityOfPage":{"@id":"https:\/\/www.alveria.it\/?p=1638"},"wordCount":222,"commentCount":0,"publisher":{"@id":"https:\/\/www.alveria.it\/#organization"},"image":{"@id":"https:\/\/www.alveria.it\/?p=1638#primaryimage"},"thumbnailUrl":"https:\/\/www.alveria.it\/wp-content\/uploads\/2024\/10\/digital-security-festival.jpg","keywords":["In presenza\/online"],"articleSection":["Eventi"],"inLanguage":"es","potentialAction":[{"@type":"CommentAction","name":"Comment","target":["https:\/\/www.alveria.it\/?p=1638#respond"]}]},{"@type":"WebPage","@id":"https:\/\/www.alveria.it\/?p=1638","url":"https:\/\/www.alveria.it\/?p=1638","name":"Alveria patrocina el 6\u00ba Festival de Seguridad Digital","isPartOf":{"@id":"https:\/\/www.alveria.it\/#website"},"primaryImageOfPage":{"@id":"https:\/\/www.alveria.it\/?p=1638#primaryimage"},"image":{"@id":"https:\/\/www.alveria.it\/?p=1638#primaryimage"},"thumbnailUrl":"https:\/\/www.alveria.it\/wp-content\/uploads\/2024\/10\/digital-security-festival.jpg","datePublished":"-0001-11-30T00:00:00+00:00","dateModified":"2024-10-08T13:08:49+00:00","description":"Del 18 de octubre al 8 de noviembre, Alveria estar\u00e1 presente como patrocinador en el 6\u00ba Festival de Seguridad Digital.","breadcrumb":{"@id":"https:\/\/www.alveria.it\/?p=1638#breadcrumb"},"inLanguage":"es","potentialAction":[{"@type":"ReadAction","target":["https:\/\/www.alveria.it\/?p=1638"]}]},{"@type":"ImageObject","inLanguage":"es","@id":"https:\/\/www.alveria.it\/?p=1638#primaryimage","url":"https:\/\/www.alveria.it\/wp-content\/uploads\/2024\/10\/digital-security-festival.jpg","contentUrl":"https:\/\/www.alveria.it\/wp-content\/uploads\/2024\/10\/digital-security-festival.jpg","width":1280,"height":720,"caption":"digital-security-festival"},{"@type":"BreadcrumbList","@id":"https:\/\/www.alveria.it\/?p=1638#breadcrumb","itemListElement":[{"@type":"ListItem","position":1,"name":"Home","item":"https:\/\/www.alveria.it\/"},{"@type":"ListItem","position":2,"name":"ALVERIA \u00c8 SPONSOR DELLA 6\u00b0 EDIZIONE DEL DIGITAL SECURITY FESTIVAL"}]},{"@type":"WebSite","@id":"https:\/\/www.alveria.it\/#website","url":"https:\/\/www.alveria.it\/","name":"Alveria - Consultor\u00eda, formaci\u00f3n y soluciones","description":"Alveria - Consultor\u00eda, formaci\u00f3n y soluciones","publisher":{"@id":"https:\/\/www.alveria.it\/#organization"},"potentialAction":[{"@type":"SearchAction","target":{"@type":"EntryPoint","urlTemplate":"https:\/\/www.alveria.it\/?s={search_term_string}"},"query-input":{"@type":"PropertyValueSpecification","valueRequired":true,"valueName":"search_term_string"}}],"inLanguage":"es"},{"@type":"Organization","@id":"https:\/\/www.alveria.it\/#organization","name":"Alveria - Consultor\u00eda, formaci\u00f3n y soluciones","url":"https:\/\/www.alveria.it\/","logo":{"@type":"ImageObject","inLanguage":"es","@id":"https:\/\/www.alveria.it\/#\/schema\/logo\/image\/","url":"https:\/\/www.alveria.it\/wp-content\/uploads\/2023\/12\/logo_alveria_normal.svg","contentUrl":"https:\/\/www.alveria.it\/wp-content\/uploads\/2023\/12\/logo_alveria_normal.svg","caption":"Alveria - Consulting, Training and Solutions"},"image":{"@id":"https:\/\/www.alveria.it\/#\/schema\/logo\/image\/"}},{"@type":"Person","@id":"https:\/\/www.alveria.it\/#\/schema\/person\/eb1f5cf33748eda0a88012759920cf51","name":"Roberta Sardo","image":{"@type":"ImageObject","inLanguage":"es","@id":"https:\/\/secure.gravatar.com\/avatar\/ffcbd455e7188a9cd16a40170583f8cd2979477ef912fe334fb7d03ea74580c4?s=96&d=mm&r=g","url":"https:\/\/secure.gravatar.com\/avatar\/ffcbd455e7188a9cd16a40170583f8cd2979477ef912fe334fb7d03ea74580c4?s=96&d=mm&r=g","contentUrl":"https:\/\/secure.gravatar.com\/avatar\/ffcbd455e7188a9cd16a40170583f8cd2979477ef912fe334fb7d03ea74580c4?s=96&d=mm&r=g","caption":"Roberta Sardo"}}]}},"_links":{"self":[{"href":"https:\/\/www.alveria.it\/espanol\/wp-json\/wp\/v2\/posts\/1638","targetHints":{"allow":["GET"]}}],"collection":[{"href":"https:\/\/www.alveria.it\/espanol\/wp-json\/wp\/v2\/posts"}],"about":[{"href":"https:\/\/www.alveria.it\/espanol\/wp-json\/wp\/v2\/types\/post"}],"author":[{"embeddable":true,"href":"https:\/\/www.alveria.it\/espanol\/wp-json\/wp\/v2\/users\/2"}],"replies":[{"embeddable":true,"href":"https:\/\/www.alveria.it\/espanol\/wp-json\/wp\/v2\/comments?post=1638"}],"version-history":[{"count":2,"href":"https:\/\/www.alveria.it\/espanol\/wp-json\/wp\/v2\/posts\/1638\/revisions"}],"predecessor-version":[{"id":1642,"href":"https:\/\/www.alveria.it\/espanol\/wp-json\/wp\/v2\/posts\/1638\/revisions\/1642"}],"wp:featuredmedia":[{"embeddable":true,"href":"https:\/\/www.alveria.it\/espanol\/wp-json\/wp\/v2\/media\/1641"}],"wp:attachment":[{"href":"https:\/\/www.alveria.it\/espanol\/wp-json\/wp\/v2\/media?parent=1638"}],"wp:term":[{"taxonomy":"category","embeddable":true,"href":"https:\/\/www.alveria.it\/espanol\/wp-json\/wp\/v2\/categories?post=1638"},{"taxonomy":"post_tag","embeddable":true,"href":"https:\/\/www.alveria.it\/espanol\/wp-json\/wp\/v2\/tags?post=1638"}],"curies":[{"name":"wp","href":"https:\/\/api.w.org\/{rel}","templated":true}]}}