{"id":1096,"date":"2023-12-11T15:59:51","date_gmt":"2023-12-11T15:59:51","guid":{"rendered":"https:\/\/www.alveria.it\/?p=1096"},"modified":"2024-05-19T12:26:05","modified_gmt":"2024-05-19T12:26:05","slug":"los-principales-retos-de-la-gestion-de-rrhh-para-2024","status":"publish","type":"post","link":"https:\/\/www.alveria.it\/espanol\/2023\/12\/11\/le-principali-sfide-delle-direzione-hr-per-il-2024\/","title":{"rendered":"LOS PRINCIPALES RETOS DE LA GESTI\u00d3N DE RRHH PARA 2024"},"content":{"rendered":"<p>El 29 de noviembre, el Observatorio de Pr\u00e1cticas de Innovaci\u00f3n HR dio el pistoletazo de salida a su edici\u00f3n 2023-2024 con el primer taller, titulado \"Los principales retos de la Direcci\u00f3n HR para 2024\". Adoptando por primera vez el formato HR Innovation Net, el evento pretend\u00eda activar el trabajo en red de la comunidad del Observatorio a trav\u00e9s de la discusi\u00f3n y el debate sobre los retos prioritarios de la Direcci\u00f3n HR para el pr\u00f3ximo a\u00f1o.<\/p>\n<h2>INTRODUCCI\u00d3N DEL OBSERVATORIO Y DE LA DIRECCI\u00d3N HR<\/h2>\n<p>La investigaci\u00f3n del Observatorio revel\u00f3 <strong>dos temas relevantes<\/strong> para las Direcciones HR en 2023: <strong>la escasez de talentos<\/strong> y las dificultades para encontrar candidatos y el fen\u00f3meno de la <strong>Gran dimisi\u00f3n<\/strong> y bajos niveles de compromiso de los empleados. En la investigaci\u00f3n participaron una muestra de 107 Direcciones HR de organizaciones que operan en el pa\u00eds y un panel de 1.000 trabajadores, estad\u00edsticamente representativos del contexto italiano. <strong>\u00bfQu\u00e9 surgi\u00f3?<\/strong><\/p>\n<p>A lo largo del a\u00f1o pasado, aunque unas 60% de las HR Direcciones de la muestra hab\u00edan previsto aumentar su plantilla, casi todas (94%) experimentaron <strong>dificultades para contratar nuevo personal.<\/strong> Una situaci\u00f3n a\u00fan m\u00e1s alarmante si se tiene en cuenta que, para 74% de las organizaciones, esta dificultad aumentar\u00e1 en 2023. Entre las cuestiones cr\u00edticas m\u00e1s relevantes surgi\u00f3 la de <strong>encontrar, en el mercado laboral, las competencias t\u00e9cnicas y blandas que mejor se adapten a las exigencias de las empresas.<\/strong> El impacto estimado es extremadamente negativo, ya que 12% de la muestra ya han tenido que renunciar a parte de su volumen de negocios. Las dificultades surgen no s\u00f3lo con respecto a la contrataci\u00f3n de nuevos empleados, sino tambi\u00e9n en t\u00e9rminos de <strong>retenci\u00f3n de las personas ya presentes.<\/strong> En 2023, el fen\u00f3meno de la Gran Dimisi\u00f3n registr\u00f3 cifras similares a las del a\u00f1o anterior, con 46% de la muestra de empleados indicando que hab\u00edan abandonado la organizaci\u00f3n o ten\u00edan intenci\u00f3n de hacerlo a corto o medio plazo. El porcentaje alcanz\u00f3 su m\u00e1ximo entre los m\u00e1s j\u00f3venes, con 77%. Entre las principales razones para marcharse, las personas declararon que buscaban <strong>mejores condiciones de trabajo<\/strong> (econ\u00f3mico - para el 43% - y de crecimiento y oportunidades profesionales - para el 13%), <strong>flexibilidad en la gesti\u00f3n del tiempo de trabajo y bienestar psicof\u00edsico.<\/strong> \u00bfQu\u00e9 est\u00e1 ocurriendo en el mundo laboral? La investigaci\u00f3n del Observatorio de la Pr\u00e1ctica de la Innovaci\u00f3n HR ha puesto de relieve un <strong>gran desajuste entre las expectativas<\/strong>deseos y necesidades del candidato\/empleado <strong>y respuestas organizativas.<\/strong> La brecha puede salvarse trabajando en la redefinici\u00f3n de la relaci\u00f3n entre organizaci\u00f3n y trabajadores, ofreciendo a las personas un \"trabajo bueno y sostenible\" que aspire al pleno compromiso, la lealtad y la satisfacci\u00f3n. En otras palabras, a la creaci\u00f3n de un entorno que fomente la Felicidad en el Trabajo.<\/p>\n<p>A la luz de los grandes retos que acompa\u00f1aron a la Direcci\u00f3n HR en 2023, <strong>\u00bfc\u00f3mo evolucionar\u00e1n las prioridades el a\u00f1o que viene?<\/strong> El Observatorio plante\u00f3 la cuesti\u00f3n a algunos miembros de su Consejo Asesor, el Comit\u00e9 Ejecutivo de HR que sigue de cerca la Investigaci\u00f3n, en una mesa redonda.<\/p>\n<p><strong>LA MESA REDONDA CON EL CONSEJO CONSULTIVO <\/strong><\/p>\n<p>La mesa redonda sobre los retos prioritarios de la Direcci\u00f3n HR para 2024 cont\u00f3 con la participaci\u00f3n de <strong>Roberto Battaglia<\/strong>Directora de Operaciones de la Fundaci\u00f3n AIRC, <strong>Patrizia Belotti<\/strong>Director de Personas y Organizaci\u00f3n de Gefran, <strong>Gianfranco Chimirri<\/strong>Directora de Personal de Sace, <strong>Simone Martina<\/strong>Directora de Personal de Cerved y <strong>Livio Zingarelli<\/strong>Jefe de Personal de Philips.<\/p>\n<p>Uno de los temas explorados fue la <strong>prop\u00f3sito<\/strong> como elemento de fidelizaci\u00f3n de las personas al contexto organizativo y de resignificaci\u00f3n de su trabajo. Hoy en d\u00eda, es crucial para las organizaciones que su modelo de negocio combine tanto el rendimiento econ\u00f3mico como el social, este \u00faltimo vinculado a la finalidad y el significado que las personas desean asociar a su trabajo. En <strong>las palancas de la formaci\u00f3n, la comunicaci\u00f3n y la participaci\u00f3n<\/strong> las organizaciones tienen la oportunidad de alimentar un nuevo prop\u00f3sito en su gente d\u00e1ndoles la oportunidad de \"dejar su huella\". <strong>\u00bfC\u00f3mo?<\/strong> Por ejemplo, colaborando con empresas del Tercer Sector y activando proyectos de voluntariado.<\/p>\n<p>Otro reto prioritario para 2024 se refiere a la capacidad de las organizaciones para <strong>sea <\/strong><strong>m\u00e1s atractivo,<\/strong> especialmente hacia perfiles t\u00e9cnicos y digitales, en un momento de escasez de talento y de gran dificultad para retenerlos. Estas barreras generan inevitablemente p\u00e9rdida de eficiencia en los procesos productivos, perjudicando la experiencia del empleado y del cliente y, en consecuencia, la marca. <strong>Pensar en la Atracci\u00f3n de Talentos significa, en primer lugar, comprender qu\u00e9 es el talento.<\/strong> Partiendo de la base de que todas las personas son poseedoras y portadoras de talento, resulta crucial atraer el talento de todos y ponerlo en valor definiendo una Propuesta de Valor para el Empleado acorde con los deseos de las personas.<\/p>\n<p><strong>La mesa redonda continu\u00f3 con un debate en profundidad sobre la <\/strong><strong>impactos de la IA<\/strong>en cuanto al potencial de las herramientas basadas en IA para la gesti\u00f3n de HR y el desarrollo de nuevas competencias y funciones. En los \u00faltimos meses, la llegada de la IA generativa ha abierto nuevos escenarios para la automatizaci\u00f3n de actividades laborales, incluso en departamentos antes menos impactados (como marketing, ventas, investigaci\u00f3n y desarrollo y HR). <strong>Gestionar este cambio corporativo requiere una estrategia HR orientada a mejorar y reciclar las competencias de los propios empleados,<\/strong> d\u00e1ndoles las herramientas adecuadas. <strong>El primer reto<\/strong> para la Direcci\u00f3n HR es, por tanto, la de <strong>integrar la tecnolog\u00eda en el trabajo diario de las personas.<\/strong> La segunda es convertirse en el \"early adopter\" de la organizaci\u00f3n, <strong>determinar los beneficios<\/strong> e identificar posibles riesgos. La IA puede ayudar a \"aumentar\" las capacidades de las personas -y no a sustituirlas-, creando un impacto positivo para la sociedad en su conjunto.<\/p>\n<p><strong>Otra frontera<\/strong> para las preocupaciones de la Direcci\u00f3n HR <strong>el uso de los datos de las personas y los procesos, extrayendo valor de ellos<\/strong> en t\u00e9rminos de mejora de la toma de decisiones. En el contexto organizativo actual, en el que la proximidad f\u00edsica a las personas est\u00e1 siendo sustituida por nuevos modelos de trabajo \"h\u00edbridos\", los planteamientos de toma de decisiones \"basados en datos\" pueden ayudar a los gestores y directivos de HR a tomar decisiones objetivas y libres de prejuicios. Esto abre una serie de razonamientos adicionales sobre: qu\u00e9 datos tiene sentido procesar; qu\u00e9 uso leg\u00edtimo puede hacerse de ellos; qu\u00e9 resultados deben obtenerse; y, por \u00faltimo, c\u00f3mo distribuir y transmitir las pruebas que surjan.<strong> Los datos se convierten entonces en el requisito previo fundamental para la toma de decisiones<\/strong>i, para medir indicadores estrat\u00e9gicos y comprender las relaciones causa-efecto de determinados factores.<\/p>\n<p><strong>Por fin,<\/strong> la mesa redonda concluy\u00f3 con un debate en profundidad sobre la evoluci\u00f3n de la<strong>Experiencia de los empleados,<\/strong> para hacerla coherente con las expectativas de las personas y conectarla con la Estrategia de Personas de la organizaci\u00f3n. Hoy en d\u00eda, valorar a las personas y cuidar su experiencia significa ir m\u00e1s all\u00e1 de los l\u00edmites organizativos, ocup\u00e1ndose de la Experiencia de las Personas en todos los \u00e1mbitos: no s\u00f3lo de la experiencia de las personas en el trabajo (Experiencia del Empleado), sino tambi\u00e9n de las necesidades y demandas que surgen fuera de \u00e9l. Para maximizar el valor creado para las personas no s\u00f3lo es importante <strong>personalizar la experiencia, pero tambi\u00e9n darles apoyo<\/strong>. El directivo se convierte en un verdadero coach, capaz de sacar a relucir su potencial y de orientar hacia nuevos retos. En este nuevo paradigma, el papel del <strong>comunicaci\u00f3n<\/strong>ya no se orienta hacia el exterior o el interior de la organizaci\u00f3n, hacia los empleados, los candidatos o los clientes, sino <strong>coherente en todos los frentes y dirigida a todas las personas.<\/strong><\/p>\n<p><strong>CONCLUSIONES <\/strong><\/p>\n<p>\u00bfQu\u00e9 debemos esperar, pues, para 2024 en t\u00e9rminos de prioridades para la Direcci\u00f3n HR? <strong>El reto es doble<\/strong>Por un lado, estar a la vanguardia de la innovaci\u00f3n, dar ejemplo y, por otro, conectar cada vez m\u00e1s a personas y organizaciones, interceptando deseos, necesidades y expectativas.<\/p>\n<p><b>FUENTE<\/b>: <a href=\"https:\/\/www.osservatori.net\/it\/ricerche\/osservatori-attivi\/hr-innovation-practice\">Observatorio de pr\u00e1cticas de innovaci\u00f3n en RRHH<\/a><\/p>\n<p class=\"item-preview-placeholder-parent\">\n<p class=\"item-preview-category-parent empty\"><span class=\"label\">Categor\u00eda:<\/span><\/p>\n<h5 class=\"card-title\">Widget de barra lateral<\/h5>\n<p><img decoding=\"async\" class=\"item-preview-image\" src=\"https:\/\/www.alveria.it\/wp-content\/themes\/betheme\/muffin-options\/svg\/placeholders\/sidebar_widget.svg\" \/><\/p>\n<p class=\"item-preview-placeholder-parent\">\n<p class=\"item-preview-category-parent empty\"><span class=\"label\">Categor\u00eda:<\/span><\/p>\n<h5 class=\"card-title\">R\u00fabrica<\/h5>\n<p class=\"card-subtitle mfn-item-label\">SOLICITAR EL ESTUDIO DE CASO COMPLETO<\/p>\n<p><img class=\"item-preview-image\" \/><\/p>\n<p class=\"item-preview-title\">SOLICITAR EL ESTUDIO DE CASO COMPLETO<\/p>\n<p class=\"item-preview-placeholder-parent\">\n<p class=\"item-preview-category-parent empty\"><span class=\"label\">Categor\u00eda:<\/span><\/p>\n<h5 class=\"card-title\">Texto de columna<\/h5>\n<p><img class=\"item-preview-image\" \/><\/p>\n<p>Todos los campos obligatorios est\u00e1n marcados con un asterisco<\/p>\n<p class=\"item-preview-placeholder-parent\">\n<p class=\"item-preview-category-parent empty\"><span class=\"label\">Categor\u00eda:<\/span><\/p>\n<h5 class=\"card-title\">Texto de columna<\/h5>\n<p><img class=\"item-preview-image\" \/><\/p>\n<p><span class=\"item-preview-shortcode\">\n<div class=\"wpcf7 no-js\" id=\"wpcf7-f521-o1\" lang=\"en-US\" dir=\"ltr\" data-wpcf7-id=\"521\">\n<div class=\"screen-reader-response\"><p role=\"status\" aria-live=\"polite\" aria-atomic=\"true\"><\/p> <ul><\/ul><\/div>\n<form action=\"\/espanol\/wp-json\/wp\/v2\/posts\/1096#wpcf7-f521-o1\" method=\"post\" class=\"wpcf7-form init\" aria-label=\"Contact form\" novalidate=\"novalidate\" data-status=\"init\" data-trp-original-action=\"\/espanol\/wp-json\/wp\/v2\/posts\/1096#wpcf7-f521-o1\">\n<fieldset class=\"hidden-fields-container\"><input type=\"hidden\" name=\"_wpcf7\" value=\"521\" \/><input type=\"hidden\" name=\"_wpcf7_version\" value=\"6.1.5\" \/><input type=\"hidden\" name=\"_wpcf7_locale\" value=\"en_US\" \/><input type=\"hidden\" name=\"_wpcf7_unit_tag\" value=\"wpcf7-f521-o1\" \/><input type=\"hidden\" name=\"_wpcf7_container_post\" value=\"0\" \/><input type=\"hidden\" name=\"_wpcf7_posted_data_hash\" value=\"\" \/>\n<\/fieldset>\n<div class=\"column one-third\">\n\t<p><span class=\"wpcf7-form-control-wrap\" data-name=\"text-857\"><input size=\"40\" maxlength=\"400\" class=\"wpcf7-form-control wpcf7-text wpcf7-validates-as-required\" aria-required=\"true\" aria-invalid=\"false\" placeholder=\"NOMBRE\" value=\"\" type=\"text\" name=\"text-857\" \/><\/span>\n\t<\/p>\n<\/div>\n<div class=\"column one-third\">\n\t<p><span class=\"wpcf7-form-control-wrap\" data-name=\"text-857\"><input size=\"40\" maxlength=\"400\" class=\"wpcf7-form-control wpcf7-text wpcf7-validates-as-required\" aria-required=\"true\" aria-invalid=\"false\" value=\"COGNOME*\" type=\"text\" name=\"text-857\" \/><\/span>\n\t<\/p>\n<\/div>\n<div class=\"column one-third\">\n\t<p><span class=\"wpcf7-form-control-wrap\" data-name=\"text-857\"><input size=\"40\" maxlength=\"400\" class=\"wpcf7-form-control wpcf7-text wpcf7-validates-as-required\" aria-required=\"true\" aria-invalid=\"false\" value=\"NOME CASO STUDIO*\" type=\"text\" name=\"text-857\" \/><\/span>\n\t<\/p>\n<\/div>\n<div class=\"column one-second\">\n\t<p><span class=\"wpcf7-form-control-wrap\" data-name=\"text-857\"><input size=\"40\" maxlength=\"400\" class=\"wpcf7-form-control wpcf7-text\" aria-invalid=\"false\" value=\"AZIENDA\" type=\"text\" name=\"text-857\" \/><\/span>\n\t<\/p>\n<\/div>\n<div class=\"column one-second\">\n\t<p><span class=\"wpcf7-form-control-wrap\" data-name=\"email-877\"><input size=\"40\" maxlength=\"400\" class=\"wpcf7-form-control wpcf7-email wpcf7-validates-as-required wpcf7-text wpcf7-validates-as-email\" aria-required=\"true\" aria-invalid=\"false\" value=\"EMAIL*\" type=\"email\" name=\"email-877\" \/><\/span>\n\t<\/p>\n<\/div>\n<div class=\"column one-third\">\n\t<p><span class=\"wpcf7-form-control-wrap\" data-name=\"acceptance-421\"><span class=\"wpcf7-form-control wpcf7-acceptance\"><span class=\"wpcf7-list-item\"><label><input type=\"checkbox\" name=\"acceptance-421\" value=\"1\" aria-invalid=\"false\" \/><span class=\"wpcf7-list-item-label\">He le\u00eddo, comprendo y acepto los t\u00e9rminos y condiciones<\/span><\/label><\/span><\/span><\/span>\n\t<\/p>\n<\/div>\n<div class=\"column one-third\">\n\t<p><span class=\"wpcf7-form-control-wrap\" data-name=\"acceptance-421\"><span class=\"wpcf7-form-control wpcf7-acceptance\"><span class=\"wpcf7-list-item\"><label><input type=\"checkbox\" name=\"acceptance-421\" value=\"1\" aria-invalid=\"false\" \/><span class=\"wpcf7-list-item-label\">S\u00ed, deseo suscribirme al bolet\u00edn semanal<\/span><\/label><\/span><\/span><\/span>\n\t<\/p>\n<\/div>\n<div class=\"column one-third\">\n\t<p><input class=\"wpcf7-form-control wpcf7-submit has-spinner\" type=\"submit\" value=\"ENVIAR\" \/>\n\t<\/p>\n<\/div><div class=\"wpcf7-response-output\" aria-hidden=\"true\"><\/div>\n<input type=\"hidden\" name=\"trp-form-language\" value=\"espanol\"\/><\/form>\n<\/div>\n<\/span><\/p>\n<p class=\"item-preview-placeholder-parent\">\n<p class=\"item-preview-category-parent empty\"><span class=\"label\">Categor\u00eda:<\/span><\/p>\n<h5 class=\"card-title\">R\u00fabrica<\/h5>\n<p class=\"card-subtitle mfn-item-label\">CONSULTOR\u00cdA, FORMACI\u00d3N EN DIGITALIZACI\u00d3N DE HR Y SOLUCIONES EMPRESARIALES DESCUBRA EL M\u00c9TODO ALVERIA Y PREP\u00c1RESE PARA EL CAMBIO.<\/p>\n<p><img class=\"item-preview-image\" \/><\/p>\n<p class=\"item-preview-title\">CONSULTOR\u00cdA, FORMACI\u00d3N EN DIGITALIZACI\u00d3N DE HR Y SOLUCIONES EMPRESARIALES DESCUBRA EL M\u00c9TODO ALVERIA Y PREP\u00c1RESE PARA EL CAMBIO.<\/p>\n<p class=\"item-preview-placeholder-parent\">\n<p class=\"item-preview-category-parent empty\"><span class=\"label\">Categor\u00eda:<\/span><\/p>\n<h5 class=\"card-title\">Bot\u00f3n<\/h5>\n<p class=\"card-subtitle mfn-item-label\">SOLICITAR M\u00c1S INFORMACI\u00d3N<\/p>\n<p><img class=\"item-preview-image\" \/><\/p>\n<p class=\"item-preview-title\">SOLICITAR M\u00c1S INFORMACI\u00d3N<\/p>\n<p class=\"item-preview-placeholder-parent\">\n<p class=\"item-preview-category-parent empty\"><span class=\"label\">Categor\u00eda:<\/span><\/p>\n<h5 class=\"title\">LOS PRINCIPALES RETOS DE LA GESTI\u00d3N DE RRHH PARA 2024<\/h5>\n<p><img loading=\"lazy\" decoding=\"async\" class=\"scale-with-grid\" src=\"https:\/\/www.alveria.it\/wp-content\/uploads\/2023\/12\/Le-principali-sfide-delle-direzione-hr-per-il-2024.jpg\" sizes=\"auto, (max-width:767px) 480px, (max-width:1280px) 100vw, 1280px\" srcset=\"https:\/\/www.alveria.it\/wp-content\/uploads\/2023\/12\/Le-principali-sfide-delle-direzione-hr-per-il-2024.jpg 1280w, https:\/\/www.alveria.it\/wp-content\/uploads\/2023\/12\/Le-principali-sfide-delle-direzione-hr-per-il-2024-500x281.jpg 500w, https:\/\/www.alveria.it\/wp-content\/uploads\/2023\/12\/Le-principali-sfide-delle-direzione-hr-per-il-2024-1200x675.jpg 1200w, https:\/\/www.alveria.it\/wp-content\/uploads\/2023\/12\/Le-principali-sfide-delle-direzione-hr-per-il-2024-300x169.jpg 300w, https:\/\/www.alveria.it\/wp-content\/uploads\/2023\/12\/Le-principali-sfide-delle-direzione-hr-per-il-2024-768x432.jpg 768w, https:\/\/www.alveria.it\/wp-content\/uploads\/2023\/12\/Le-principali-sfide-delle-direzione-hr-per-il-2024-18x10.jpg 18w, https:\/\/www.alveria.it\/wp-content\/uploads\/2023\/12\/Le-principali-sfide-delle-direzione-hr-per-il-2024-133x75.jpg 133w, https:\/\/www.alveria.it\/wp-content\/uploads\/2023\/12\/Le-principali-sfide-delle-direzione-hr-per-il-2024-480x270.jpg 480w\" alt=\"\" width=\"1280\" height=\"720\" \/><\/p>\n<p>11 de diciembre de 2023<\/p>\n<p><strong>Recursos Humanos<\/strong><\/p>\n<h1 class=\"title\">LOS PRINCIPALES RETOS DE LA GESTI\u00d3N DE RRHH PARA 2024<\/h1>\n<p>El 29 de noviembre, el Observatorio de Pr\u00e1cticas de Innovaci\u00f3n HR dio el pistoletazo de salida a su edici\u00f3n 2023-2024 con el primer taller, titulado \"Los principales retos de la Direcci\u00f3n HR para 2024\". Adoptando por primera vez el formato HR Innovation Net, el evento pretend\u00eda activar el trabajo en red de la comunidad del Observatorio a trav\u00e9s de la discusi\u00f3n y el debate sobre los retos prioritarios de la Direcci\u00f3n HR para el pr\u00f3ximo a\u00f1o.<\/p>\n<h2>LA INTRODUCCI\u00d3N DEL OBSERVATORIO<\/h2>\n<p>La investigaci\u00f3n del Observatorio revel\u00f3 <strong>dos temas relevantes<\/strong> para las Direcciones HR en 2023: <strong>la escasez de talentos<\/strong> y las dificultades para encontrar candidatos y el fen\u00f3meno de la <strong>Gran dimisi\u00f3n<\/strong> y bajos niveles de compromiso de los empleados. En la investigaci\u00f3n participaron una muestra de 107 Direcciones HR de organizaciones que operan en el pa\u00eds y un panel de 1.000 trabajadores, estad\u00edsticamente representativos del contexto italiano. <strong>\u00bfQu\u00e9 surgi\u00f3?<\/strong><\/p>\n<p>A lo largo del a\u00f1o pasado, aunque unas 60% de las HR Direcciones de la muestra hab\u00edan previsto aumentar su plantilla, casi todas (94%) experimentaron <strong>dificultades para contratar nuevo personal.<\/strong> Una situaci\u00f3n a\u00fan m\u00e1s alarmante si se tiene en cuenta que, para 74% de las organizaciones, esta dificultad aumentar\u00e1 en 2023. Entre las cuestiones cr\u00edticas m\u00e1s relevantes surgi\u00f3 la de <strong>encontrar, en el mercado laboral, las competencias t\u00e9cnicas y blandas que mejor se adapten a las exigencias de las empresas.<\/strong> El impacto estimado es extremadamente negativo, ya que 12% de la muestra ya han tenido que renunciar a parte de su volumen de negocios. Las dificultades surgen no s\u00f3lo con respecto a la contrataci\u00f3n de nuevos empleados, sino tambi\u00e9n en t\u00e9rminos de <strong>retenci\u00f3n de las personas ya presentes.<\/strong> En 2023, el fen\u00f3meno de la Gran Dimisi\u00f3n registr\u00f3 cifras similares a las del a\u00f1o anterior, con 46% de la muestra de empleados indicando que hab\u00edan abandonado la organizaci\u00f3n o ten\u00edan intenci\u00f3n de hacerlo a corto o medio plazo. El porcentaje alcanz\u00f3 su m\u00e1ximo entre los m\u00e1s j\u00f3venes, con 77%. Entre las principales razones para marcharse, las personas declararon que buscaban <strong>mejores condiciones de trabajo<\/strong> (econ\u00f3mico - para el 43% - y de crecimiento y oportunidades profesionales - para el 13%), <strong>flexibilidad en la gesti\u00f3n del tiempo de trabajo y bienestar psicof\u00edsico.<\/strong> \u00bfQu\u00e9 est\u00e1 ocurriendo en el mundo laboral? La investigaci\u00f3n del Observatorio de la Pr\u00e1ctica de la Innovaci\u00f3n HR ha puesto de relieve un <strong>gran desajuste entre las expectativas<\/strong>deseos y necesidades del candidato\/empleado <strong>y respuestas organizativas.<\/strong> La brecha puede salvarse trabajando en la redefinici\u00f3n de la relaci\u00f3n entre organizaci\u00f3n y trabajadores, ofreciendo a las personas un \"trabajo bueno y sostenible\" que aspire al pleno compromiso, la lealtad y la satisfacci\u00f3n. En otras palabras, a la creaci\u00f3n de un entorno que fomente la Felicidad en el Trabajo.<\/p>\n<p>A la luz de los grandes retos que acompa\u00f1aron a la Direcci\u00f3n HR en 2023, <strong>\u00bfc\u00f3mo evolucionar\u00e1n las prioridades el a\u00f1o que viene?<\/strong> El Observatorio plante\u00f3 la cuesti\u00f3n a algunos miembros de su Consejo Asesor, el Comit\u00e9 Ejecutivo de HR que sigue de cerca la Investigaci\u00f3n, en una mesa redonda.<\/p>\n<p><strong>LA MESA REDONDA CON EL CONSEJO CONSULTIVO <\/strong><\/p>\n<p>La mesa redonda sobre los retos prioritarios de la Direcci\u00f3n HR para 2024 cont\u00f3 con la participaci\u00f3n de <strong>Roberto Battaglia<\/strong>Directora de Operaciones de la Fundaci\u00f3n AIRC, <strong>Patrizia Belotti<\/strong>Director de Personas y Organizaci\u00f3n de Gefran, <strong>Gianfranco Chimirri<\/strong>Directora de Personal de Sace, <strong>Simone Martina<\/strong>Directora de Personal de Cerved y <strong>Livio Zingarelli<\/strong>Jefe de Personal de Philips.<\/p>\n<p>Uno de los temas explorados fue la <strong>prop\u00f3sito<\/strong> como elemento de fidelizaci\u00f3n de las personas al contexto organizativo y de resignificaci\u00f3n de su trabajo. Hoy en d\u00eda, es crucial para las organizaciones que su modelo de negocio combine tanto el rendimiento econ\u00f3mico como el social, este \u00faltimo vinculado a la finalidad y el significado que las personas desean asociar a su trabajo. En <strong>las palancas de la formaci\u00f3n, la comunicaci\u00f3n y la participaci\u00f3n<\/strong> las organizaciones tienen la oportunidad de alimentar un nuevo prop\u00f3sito en su gente d\u00e1ndoles la oportunidad de \"dejar su huella\". <strong>\u00bfC\u00f3mo?<\/strong> Por ejemplo, colaborando con empresas del Tercer Sector y activando proyectos de voluntariado.<\/p>\n<p>Otro reto prioritario para 2024 se refiere a la capacidad de las organizaciones para <strong>sea <\/strong><strong>m\u00e1s atractivo,<\/strong> especialmente hacia perfiles t\u00e9cnicos y digitales, en un momento de escasez de talento y de gran dificultad para retenerlos. Estas barreras generan inevitablemente p\u00e9rdida de eficiencia en los procesos productivos, perjudicando la experiencia del empleado y del cliente y, en consecuencia, la marca. <strong>Pensar en la Atracci\u00f3n de Talentos significa, en primer lugar, comprender qu\u00e9 es el talento.<\/strong> Partiendo de la base de que todas las personas son poseedoras y portadoras de talento, resulta crucial atraer el talento de todos y ponerlo en valor definiendo una Propuesta de Valor para el Empleado acorde con los deseos de las personas.<\/p>\n<p><strong>La mesa redonda continu\u00f3 con un debate en profundidad sobre la <\/strong><strong>impactos de la IA<\/strong>en cuanto al potencial de las herramientas basadas en IA para la gesti\u00f3n de HR y el desarrollo de nuevas competencias y funciones. En los \u00faltimos meses, la llegada de la IA generativa ha abierto nuevos escenarios para la automatizaci\u00f3n de actividades laborales, incluso en departamentos antes menos impactados (como marketing, ventas, investigaci\u00f3n y desarrollo y HR). <strong>Gestionar este cambio corporativo requiere una estrategia HR orientada a mejorar y reciclar las competencias de los propios empleados,<\/strong> d\u00e1ndoles las herramientas adecuadas. <strong>El primer reto<\/strong> para la Direcci\u00f3n HR es, por tanto, la de <strong>integrar la tecnolog\u00eda en el trabajo diario de las personas.<\/strong> La segunda es convertirse en el \"early adopter\" de la organizaci\u00f3n, <strong>determinar los beneficios<\/strong> e identificar posibles riesgos. La IA puede ayudar a \"aumentar\" las capacidades de las personas -y no a sustituirlas-, creando un impacto positivo para la sociedad en su conjunto.<\/p>\n<p><strong>Otra frontera<\/strong> para las preocupaciones de la Direcci\u00f3n HR <strong>el uso de los datos de las personas y los procesos, extrayendo valor de ellos<\/strong> en t\u00e9rminos de mejora de la toma de decisiones. En el contexto organizativo actual, en el que la proximidad f\u00edsica a las personas est\u00e1 siendo sustituida por nuevos modelos de trabajo \"h\u00edbridos\", los planteamientos de toma de decisiones \"basados en datos\" pueden ayudar a los gestores y directivos de HR a tomar decisiones objetivas y libres de prejuicios. Esto abre una serie de razonamientos adicionales sobre: qu\u00e9 datos tiene sentido procesar; qu\u00e9 uso leg\u00edtimo puede hacerse de ellos; qu\u00e9 resultados deben obtenerse; y, por \u00faltimo, c\u00f3mo distribuir y transmitir las pruebas que surjan.<strong> Los datos se convierten entonces en el requisito previo fundamental para la toma de decisiones<\/strong>i, para medir indicadores estrat\u00e9gicos y comprender las relaciones causa-efecto de determinados factores.<\/p>\n<p><strong>Por fin,<\/strong> la mesa redonda concluy\u00f3 con un debate en profundidad sobre la evoluci\u00f3n de la<strong>Experiencia de los empleados,<\/strong> para hacerla coherente con las expectativas de las personas y conectarla con la Estrategia de Personas de la organizaci\u00f3n. Hoy en d\u00eda, valorar a las personas y cuidar su experiencia significa ir m\u00e1s all\u00e1 de los l\u00edmites organizativos, ocup\u00e1ndose de la Experiencia de las Personas en todos los \u00e1mbitos: no s\u00f3lo de la experiencia de las personas en el trabajo (Experiencia del Empleado), sino tambi\u00e9n de las necesidades y demandas que surgen fuera de \u00e9l. Para maximizar el valor creado para las personas no s\u00f3lo es importante <strong>personalizar la experiencia, pero tambi\u00e9n darles apoyo<\/strong>. El directivo se convierte en un verdadero coach, capaz de sacar a relucir su potencial y de orientar hacia nuevos retos. En este nuevo paradigma, el papel del <strong>comunicaci\u00f3n<\/strong>ya no se orienta hacia el exterior o el interior de la organizaci\u00f3n, hacia los empleados, los candidatos o los clientes, sino <strong>coherente en todos los frentes y dirigida a todas las personas.<\/strong><\/p>\n<p><strong>CONCLUSIONES <\/strong><\/p>\n<p>\u00bfQu\u00e9 debemos esperar, pues, para 2024 en t\u00e9rminos de prioridades para la Direcci\u00f3n HR? <strong>El reto es doble<\/strong>Por un lado, estar a la vanguardia de la innovaci\u00f3n, dar ejemplo y, por otro, conectar cada vez m\u00e1s a personas y organizaciones, interceptando deseos, necesidades y expectativas.<\/p>\n<p><b>FUENTE<\/b>: HR Observatorio de Pr\u00e1cticas Innovadoras<\/p>\n<h3>\u00daltimas entradas<\/h3>\n<ul>\n<li class=\"post format-\"><a href=\"https:\/\/www.alveria.it\/espanol\/2024\/05\/12\/herramientas-de-rrhh-cuales-son-las-mejores-1267\/\"><img loading=\"lazy\" decoding=\"async\" class=\"scale-with-grid wp-post-image\" src=\"https:\/\/www.alveria.it\/wp-content\/uploads\/2024\/05\/Tools-per-hr-quali-sono-i-migliori-1.jpg\" sizes=\"auto, (max-width:767px) 480px, (max-width:1220px) 100vw, 1220px\" srcset=\"https:\/\/www.alveria.it\/wp-content\/uploads\/2024\/05\/Tools-per-hr-quali-sono-i-migliori-1.jpg 1280w, https:\/\/www.alveria.it\/wp-content\/uploads\/2024\/05\/Tools-per-hr-quali-sono-i-migliori-1-500x281.jpg 500w, https:\/\/www.alveria.it\/wp-content\/uploads\/2024\/05\/Tools-per-hr-quali-sono-i-migliori-1-1200x675.jpg 1200w, https:\/\/www.alveria.it\/wp-content\/uploads\/2024\/05\/Tools-per-hr-quali-sono-i-migliori-1-300x169.jpg 300w, https:\/\/www.alveria.it\/wp-content\/uploads\/2024\/05\/Tools-per-hr-quali-sono-i-migliori-1-768x432.jpg 768w, https:\/\/www.alveria.it\/wp-content\/uploads\/2024\/05\/Tools-per-hr-quali-sono-i-migliori-1-18x10.jpg 18w, https:\/\/www.alveria.it\/wp-content\/uploads\/2024\/05\/Tools-per-hr-quali-sono-i-migliori-1-133x75.jpg 133w, https:\/\/www.alveria.it\/wp-content\/uploads\/2024\/05\/Tools-per-hr-quali-sono-i-migliori-1-480x270.jpg 480w\" alt=\"\" width=\"1220\" height=\"686\" \/><span class=\"c\">0<\/span><strong>Digitalizaci\u00f3n<\/strong><br \/>\n<\/a><\/p>\n<h6>Herramientas de RRHH: \u00bfcu\u00e1les son las mejores?<\/h6>\n<p><span class=\"date\">12 de mayo de 2024<\/span><\/li>\n<li class=\"post format-\"><a href=\"https:\/\/www.alveria.it\/espanol\/2024\/03\/20\/rrhh-y-la-evolucion-de-la-gestion-de-recursos-humanos-2\/\"><img loading=\"lazy\" decoding=\"async\" class=\"scale-with-grid wp-post-image\" src=\"https:\/\/www.alveria.it\/wp-content\/uploads\/2024\/03\/Hr-e-Ai-levoluzione-che-passa-dalla-gestione-delle-risorse-umane.jpg\" sizes=\"auto, (max-width:767px) 480px, (max-width:1220px) 100vw, 1220px\" srcset=\"https:\/\/www.alveria.it\/wp-content\/uploads\/2024\/03\/Hr-e-Ai-levoluzione-che-passa-dalla-gestione-delle-risorse-umane.jpg 1280w, https:\/\/www.alveria.it\/wp-content\/uploads\/2024\/03\/Hr-e-Ai-levoluzione-che-passa-dalla-gestione-delle-risorse-umane-500x281.jpg 500w, https:\/\/www.alveria.it\/wp-content\/uploads\/2024\/03\/Hr-e-Ai-levoluzione-che-passa-dalla-gestione-delle-risorse-umane-1200x675.jpg 1200w, https:\/\/www.alveria.it\/wp-content\/uploads\/2024\/03\/Hr-e-Ai-levoluzione-che-passa-dalla-gestione-delle-risorse-umane-300x169.jpg 300w, https:\/\/www.alveria.it\/wp-content\/uploads\/2024\/03\/Hr-e-Ai-levoluzione-che-passa-dalla-gestione-delle-risorse-umane-768x432.jpg 768w, https:\/\/www.alveria.it\/wp-content\/uploads\/2024\/03\/Hr-e-Ai-levoluzione-che-passa-dalla-gestione-delle-risorse-umane-18x10.jpg 18w, https:\/\/www.alveria.it\/wp-content\/uploads\/2024\/03\/Hr-e-Ai-levoluzione-che-passa-dalla-gestione-delle-risorse-umane-133x75.jpg 133w, https:\/\/www.alveria.it\/wp-content\/uploads\/2024\/03\/Hr-e-Ai-levoluzione-che-passa-dalla-gestione-delle-risorse-umane-480x270.jpg 480w\" alt=\"\" width=\"1220\" height=\"686\" \/><span class=\"c\">0<\/span><strong>Recursos Humanos<\/strong><br \/>\n<\/a><\/p>\n<h6>RRHH e IA: la evoluci\u00f3n a trav\u00e9s de la gesti\u00f3n de recursos humanos<\/h6>\n<p><span class=\"date\">20 de marzo de 2024<\/span><\/li>\n<li class=\"post format-\"><a href=\"https:\/\/www.alveria.it\/espanol\/2024\/02\/22\/las-fronteras-de-las-mejores-practicas-de-la-experiencia-del-empleado-comparadas\/\"><img loading=\"lazy\" decoding=\"async\" class=\"scale-with-grid wp-post-image\" src=\"https:\/\/www.alveria.it\/wp-content\/uploads\/2024\/02\/Le-frontiere-dellemployee-experience-best-practice-a-confronto.jpg\" sizes=\"auto, (max-width:767px) 480px, (max-width:1220px) 100vw, 1220px\" srcset=\"https:\/\/www.alveria.it\/wp-content\/uploads\/2024\/02\/Le-frontiere-dellemployee-experience-best-practice-a-confronto.jpg 1280w, https:\/\/www.alveria.it\/wp-content\/uploads\/2024\/02\/Le-frontiere-dellemployee-experience-best-practice-a-confronto-500x281.jpg 500w, https:\/\/www.alveria.it\/wp-content\/uploads\/2024\/02\/Le-frontiere-dellemployee-experience-best-practice-a-confronto-1200x675.jpg 1200w, https:\/\/www.alveria.it\/wp-content\/uploads\/2024\/02\/Le-frontiere-dellemployee-experience-best-practice-a-confronto-300x169.jpg 300w, https:\/\/www.alveria.it\/wp-content\/uploads\/2024\/02\/Le-frontiere-dellemployee-experience-best-practice-a-confronto-768x432.jpg 768w, https:\/\/www.alveria.it\/wp-content\/uploads\/2024\/02\/Le-frontiere-dellemployee-experience-best-practice-a-confronto-18x10.jpg 18w, https:\/\/www.alveria.it\/wp-content\/uploads\/2024\/02\/Le-frontiere-dellemployee-experience-best-practice-a-confronto-133x75.jpg 133w, https:\/\/www.alveria.it\/wp-content\/uploads\/2024\/02\/Le-frontiere-dellemployee-experience-best-practice-a-confronto-480x270.jpg 480w\" alt=\"\" width=\"1220\" height=\"686\" \/><span class=\"c\">0<\/span><strong>Recursos Humanos<\/strong><br \/>\n<\/a><\/p>\n<h6>Fronteras de la experiencia del empleado: comparaci\u00f3n de las mejores pr\u00e1cticas<\/h6>\n<p><span class=\"date\">22 de febrero de 2024<\/span><\/li>\n<\/ul>\n<h3>Buscar aqu\u00ed<\/h3>\n<p>.path{fill:none;stroke-miterlimit:10;stroke-width:1.5px;}<br \/>\n<span class=\"mfn-close-icon icon_close\" tabindex=\"0\"><span class=\"icon\">\u2715<\/span><\/span><\/p>\n<h3>Etiquetas populares<\/h3>\n<p><a class=\"tag-cloud-link tag-link-44 tag-link-position-1\" style=\"font-size: 22pt;\" href=\"https:\/\/www.alveria.it\/espanol\/etiqueta\/articulo\/\" aria-label=\"Art\u00edculo (6 art\u00edculos)\">Art\u00edculo<\/a><br \/>\n<a class=\"tag-cloud-link tag-link-45 tag-link-position-2\" style=\"font-size: 18.181818181818pt;\" href=\"https:\/\/www.alveria.it\/espanol\/etiqueta\/estudio-monografico\/\" aria-label=\"Estudio de caso (4 elementos)\">Estudio de caso<\/a><br \/>\n<a class=\"tag-cloud-link tag-link-46 tag-link-position-3\" style=\"font-size: 15.636363636364pt;\" href=\"https:\/\/www.alveria.it\/espanol\/etiqueta\/en-presencia\/\" aria-label=\"Asistentes (3 elementos)\">En presencia<\/a><br \/>\n<a class=\"tag-cloud-link tag-link-52 tag-link-position-4\" style=\"font-size: 20.218181818182pt;\" href=\"https:\/\/www.alveria.it\/espanol\/etiqueta\/en-presencia-en-linea\/\" aria-label=\"En presencia\/en l\u00ednea (5 elementos)\">Presencial\/en l\u00ednea<\/a><br \/>\n<a class=\"tag-cloud-link tag-link-47 tag-link-position-5\" style=\"font-size: 8pt;\" href=\"https:\/\/www.alveria.it\/espanol\/etiqueta\/en-linea\/\" aria-label=\"En l\u00ednea (1 art\u00edculo)\">En l\u00ednea<\/a><\/p>\n<h2 class=\"title\">SOLICITAR EL ESTUDIO DE CASO COMPLETO<\/h2>\n<p>Todos los campos obligatorios est\u00e1n marcados con un asterisco<\/p>\n<p><span class=\"wpcf7-form-control-wrap\" data-name=\"acceptance-421\"><span class=\"wpcf7-form-control wpcf7-acceptance\"><span class=\"wpcf7-list-item\"><span class=\"wpcf7-list-item-label\">He le\u00eddo, comprendo y acepto los t\u00e9rminos y condiciones<\/span><\/span><\/span><\/span><\/p>\n<p><span class=\"wpcf7-form-control-wrap\" data-name=\"acceptance-421\"><span class=\"wpcf7-form-control wpcf7-acceptance\"><span class=\"wpcf7-list-item\"><span class=\"wpcf7-list-item-label\">S\u00ed, deseo suscribirme al bolet\u00edn semanal<\/span><\/span><\/span><\/span><\/p>\n<p class=\"title\">CONSULTOR\u00cdA, FORMACI\u00d3N EN DIGITALIZACI\u00d3N DE HR Y SOLUCIONES EMPRESARIALES DESCUBRA EL M\u00c9TODO ALVERIA Y PREP\u00c1RESE PARA EL CAMBIO.<\/p>\n<p><a class=\"button  button_size_2 button_dark\" title=\"\" href=\"\/espanol\/contactos\/\"><span class=\"button_label\">SOLICITAR M\u00c1S INFORMACI\u00d3N<\/span><\/a><\/p>","protected":false},"excerpt":{"rendered":"<p>\u00bfQu\u00e9 debemos esperar para 2024 en t\u00e9rminos de prioridades para la Direcci\u00f3n de RRHH?<\/p>","protected":false},"author":2,"featured_media":1335,"comment_status":"open","ping_status":"open","sticky":false,"template":"","format":"standard","meta":{"iawp_total_views":244,"footnotes":""},"categories":[42],"tags":[45],"class_list":["post-1096","post","type-post","status-publish","format-standard","has-post-thumbnail","hentry","category-risorse-umane","tag-caso-studio"],"yoast_head":"<!-- This site is optimized with the Yoast SEO plugin v27.5 - https:\/\/yoast.com\/product\/yoast-seo-wordpress\/ -->\n<title>Le Principali Sfide della Direzione HR per il 2024<\/title>\n<meta name=\"description\" content=\"Workshop Osservatorio: sfide Direzione HR 2024. Networking, Talent Shortage, Great Resignation, AI, Employee Experience.\" \/>\n<meta name=\"robots\" content=\"index, follow, max-snippet:-1, max-image-preview:large, max-video-preview:-1\" \/>\n<link rel=\"canonical\" href=\"https:\/\/www.alveria.it\/espanol\/2023\/12\/11\/los-principales-retos-de-la-gestion-de-rrhh-para-2024\/\" \/>\n<meta property=\"og:locale\" content=\"es_ES\" \/>\n<meta property=\"og:type\" content=\"article\" \/>\n<meta property=\"og:title\" content=\"Le Principali Sfide della Direzione HR per il 2024\" \/>\n<meta property=\"og:description\" content=\"Workshop Osservatorio: sfide Direzione HR 2024. Networking, Talent Shortage, Great Resignation, AI, Employee Experience.\" \/>\n<meta property=\"og:url\" content=\"https:\/\/www.alveria.it\/espanol\/2023\/12\/11\/los-principales-retos-de-la-gestion-de-rrhh-para-2024\/\" \/>\n<meta property=\"og:site_name\" content=\"Alveria - Consulting, Training and Solutions\" \/>\n<meta property=\"article:published_time\" content=\"2023-12-11T15:59:51+00:00\" \/>\n<meta property=\"article:modified_time\" content=\"2024-05-19T12:26:05+00:00\" \/>\n<meta property=\"og:image\" content=\"https:\/\/www.alveria.it\/wp-content\/uploads\/2023\/12\/Le-principali-sfide-delle-direzione-hr-per-il-2024.jpg\" \/>\n\t<meta property=\"og:image:width\" content=\"1280\" \/>\n\t<meta property=\"og:image:height\" content=\"720\" \/>\n\t<meta property=\"og:image:type\" content=\"image\/jpeg\" \/>\n<meta name=\"author\" content=\"Roberta Sardo\" \/>\n<meta name=\"twitter:card\" content=\"summary_large_image\" \/>\n<meta name=\"twitter:label1\" content=\"Escrito por\" \/>\n\t<meta name=\"twitter:data1\" content=\"Roberta Sardo\" \/>\n\t<meta name=\"twitter:label2\" content=\"Tiempo de lectura\" \/>\n\t<meta name=\"twitter:data2\" content=\"17 minutos\" \/>\n<script type=\"application\/ld+json\" class=\"yoast-schema-graph\">{\"@context\":\"https:\\\/\\\/schema.org\",\"@graph\":[{\"@type\":\"Article\",\"@id\":\"https:\\\/\\\/www.alveria.it\\\/2023\\\/12\\\/11\\\/le-principali-sfide-delle-direzione-hr-per-il-2024\\\/#article\",\"isPartOf\":{\"@id\":\"https:\\\/\\\/www.alveria.it\\\/2023\\\/12\\\/11\\\/le-principali-sfide-delle-direzione-hr-per-il-2024\\\/\"},\"author\":{\"name\":\"Roberta Sardo\",\"@id\":\"https:\\\/\\\/www.alveria.it\\\/#\\\/schema\\\/person\\\/eb1f5cf33748eda0a88012759920cf51\"},\"headline\":\"LE PRINCIPALI SFIDE DELLE DIREZIONE HR PER IL 2024\",\"datePublished\":\"2023-12-11T15:59:51+00:00\",\"dateModified\":\"2024-05-19T12:26:05+00:00\",\"mainEntityOfPage\":{\"@id\":\"https:\\\/\\\/www.alveria.it\\\/2023\\\/12\\\/11\\\/le-principali-sfide-delle-direzione-hr-per-il-2024\\\/\"},\"wordCount\":2643,\"commentCount\":0,\"publisher\":{\"@id\":\"https:\\\/\\\/www.alveria.it\\\/#organization\"},\"image\":{\"@id\":\"https:\\\/\\\/www.alveria.it\\\/2023\\\/12\\\/11\\\/le-principali-sfide-delle-direzione-hr-per-il-2024\\\/#primaryimage\"},\"thumbnailUrl\":\"https:\\\/\\\/www.alveria.it\\\/wp-content\\\/uploads\\\/2023\\\/12\\\/Le-principali-sfide-delle-direzione-hr-per-il-2024.jpg\",\"keywords\":[\"Caso studio\"],\"articleSection\":[\"Risorse Umane\"],\"inLanguage\":\"es\",\"potentialAction\":[{\"@type\":\"CommentAction\",\"name\":\"Comment\",\"target\":[\"https:\\\/\\\/www.alveria.it\\\/2023\\\/12\\\/11\\\/le-principali-sfide-delle-direzione-hr-per-il-2024\\\/#respond\"]}]},{\"@type\":\"WebPage\",\"@id\":\"https:\\\/\\\/www.alveria.it\\\/2023\\\/12\\\/11\\\/le-principali-sfide-delle-direzione-hr-per-il-2024\\\/\",\"url\":\"https:\\\/\\\/www.alveria.it\\\/2023\\\/12\\\/11\\\/le-principali-sfide-delle-direzione-hr-per-il-2024\\\/\",\"name\":\"Le Principali Sfide della Direzione HR per il 2024\",\"isPartOf\":{\"@id\":\"https:\\\/\\\/www.alveria.it\\\/#website\"},\"primaryImageOfPage\":{\"@id\":\"https:\\\/\\\/www.alveria.it\\\/2023\\\/12\\\/11\\\/le-principali-sfide-delle-direzione-hr-per-il-2024\\\/#primaryimage\"},\"image\":{\"@id\":\"https:\\\/\\\/www.alveria.it\\\/2023\\\/12\\\/11\\\/le-principali-sfide-delle-direzione-hr-per-il-2024\\\/#primaryimage\"},\"thumbnailUrl\":\"https:\\\/\\\/www.alveria.it\\\/wp-content\\\/uploads\\\/2023\\\/12\\\/Le-principali-sfide-delle-direzione-hr-per-il-2024.jpg\",\"datePublished\":\"2023-12-11T15:59:51+00:00\",\"dateModified\":\"2024-05-19T12:26:05+00:00\",\"description\":\"Workshop Osservatorio: sfide Direzione HR 2024. Networking, Talent Shortage, Great Resignation, AI, Employee Experience.\",\"breadcrumb\":{\"@id\":\"https:\\\/\\\/www.alveria.it\\\/2023\\\/12\\\/11\\\/le-principali-sfide-delle-direzione-hr-per-il-2024\\\/#breadcrumb\"},\"inLanguage\":\"es\",\"potentialAction\":[{\"@type\":\"ReadAction\",\"target\":[\"https:\\\/\\\/www.alveria.it\\\/2023\\\/12\\\/11\\\/le-principali-sfide-delle-direzione-hr-per-il-2024\\\/\"]}]},{\"@type\":\"ImageObject\",\"inLanguage\":\"es\",\"@id\":\"https:\\\/\\\/www.alveria.it\\\/2023\\\/12\\\/11\\\/le-principali-sfide-delle-direzione-hr-per-il-2024\\\/#primaryimage\",\"url\":\"https:\\\/\\\/www.alveria.it\\\/wp-content\\\/uploads\\\/2023\\\/12\\\/Le-principali-sfide-delle-direzione-hr-per-il-2024.jpg\",\"contentUrl\":\"https:\\\/\\\/www.alveria.it\\\/wp-content\\\/uploads\\\/2023\\\/12\\\/Le-principali-sfide-delle-direzione-hr-per-il-2024.jpg\",\"width\":1280,\"height\":720},{\"@type\":\"BreadcrumbList\",\"@id\":\"https:\\\/\\\/www.alveria.it\\\/2023\\\/12\\\/11\\\/le-principali-sfide-delle-direzione-hr-per-il-2024\\\/#breadcrumb\",\"itemListElement\":[{\"@type\":\"ListItem\",\"position\":1,\"name\":\"Home\",\"item\":\"https:\\\/\\\/www.alveria.it\\\/\"},{\"@type\":\"ListItem\",\"position\":2,\"name\":\"LE PRINCIPALI SFIDE DELLE DIREZIONE HR PER IL 2024\"}]},{\"@type\":\"WebSite\",\"@id\":\"https:\\\/\\\/www.alveria.it\\\/#website\",\"url\":\"https:\\\/\\\/www.alveria.it\\\/\",\"name\":\"Alveria - Consulting, Training and Solutions\",\"description\":\"Alveria - Consulting, Training and Solutions\",\"publisher\":{\"@id\":\"https:\\\/\\\/www.alveria.it\\\/#organization\"},\"potentialAction\":[{\"@type\":\"SearchAction\",\"target\":{\"@type\":\"EntryPoint\",\"urlTemplate\":\"https:\\\/\\\/www.alveria.it\\\/?s={search_term_string}\"},\"query-input\":{\"@type\":\"PropertyValueSpecification\",\"valueRequired\":true,\"valueName\":\"search_term_string\"}}],\"inLanguage\":\"es\"},{\"@type\":\"Organization\",\"@id\":\"https:\\\/\\\/www.alveria.it\\\/#organization\",\"name\":\"Alveria - Consulting, Training and Solutions\",\"url\":\"https:\\\/\\\/www.alveria.it\\\/\",\"logo\":{\"@type\":\"ImageObject\",\"inLanguage\":\"es\",\"@id\":\"https:\\\/\\\/www.alveria.it\\\/#\\\/schema\\\/logo\\\/image\\\/\",\"url\":\"https:\\\/\\\/www.alveria.it\\\/wp-content\\\/uploads\\\/2023\\\/12\\\/logo_alveria_normal.svg\",\"contentUrl\":\"https:\\\/\\\/www.alveria.it\\\/wp-content\\\/uploads\\\/2023\\\/12\\\/logo_alveria_normal.svg\",\"caption\":\"Alveria - Consulting, Training and Solutions\"},\"image\":{\"@id\":\"https:\\\/\\\/www.alveria.it\\\/#\\\/schema\\\/logo\\\/image\\\/\"}},{\"@type\":\"Person\",\"@id\":\"https:\\\/\\\/www.alveria.it\\\/#\\\/schema\\\/person\\\/eb1f5cf33748eda0a88012759920cf51\",\"name\":\"Roberta Sardo\",\"image\":{\"@type\":\"ImageObject\",\"inLanguage\":\"es\",\"@id\":\"https:\\\/\\\/secure.gravatar.com\\\/avatar\\\/ffcbd455e7188a9cd16a40170583f8cd2979477ef912fe334fb7d03ea74580c4?s=96&d=mm&r=g\",\"url\":\"https:\\\/\\\/secure.gravatar.com\\\/avatar\\\/ffcbd455e7188a9cd16a40170583f8cd2979477ef912fe334fb7d03ea74580c4?s=96&d=mm&r=g\",\"contentUrl\":\"https:\\\/\\\/secure.gravatar.com\\\/avatar\\\/ffcbd455e7188a9cd16a40170583f8cd2979477ef912fe334fb7d03ea74580c4?s=96&d=mm&r=g\",\"caption\":\"Roberta Sardo\"}}]}<\/script>\n<!-- \/ Yoast SEO plugin. -->","yoast_head_json":{"title":"Los principales retos de la Direcci\u00f3n HR para 2024","description":"Taller del Observatorio: Retos Direcci\u00f3n HR 2024. Networking, Escasez de Talento, Gran Dimisi\u00f3n, IA, Experiencia del Empleado.","robots":{"index":"index","follow":"follow","max-snippet":"max-snippet:-1","max-image-preview":"max-image-preview:large","max-video-preview":"max-video-preview:-1"},"canonical":"https:\/\/www.alveria.it\/espanol\/2023\/12\/11\/los-principales-retos-de-la-gestion-de-rrhh-para-2024\/","og_locale":"es_ES","og_type":"article","og_title":"Le Principali Sfide della Direzione HR per il 2024","og_description":"Workshop Osservatorio: sfide Direzione HR 2024. Networking, Talent Shortage, Great Resignation, AI, Employee Experience.","og_url":"https:\/\/www.alveria.it\/espanol\/2023\/12\/11\/los-principales-retos-de-la-gestion-de-rrhh-para-2024\/","og_site_name":"Alveria - Consulting, Training and Solutions","article_published_time":"2023-12-11T15:59:51+00:00","article_modified_time":"2024-05-19T12:26:05+00:00","og_image":[{"width":1280,"height":720,"url":"https:\/\/www.alveria.it\/wp-content\/uploads\/2023\/12\/Le-principali-sfide-delle-direzione-hr-per-il-2024.jpg","type":"image\/jpeg"}],"author":"Roberta Sardo","twitter_card":"summary_large_image","twitter_misc":{"Escrito por":"Roberta Sardo","Tiempo de lectura":"17 minutos"},"schema":{"@context":"https:\/\/schema.org","@graph":[{"@type":"Article","@id":"https:\/\/www.alveria.it\/2023\/12\/11\/le-principali-sfide-delle-direzione-hr-per-il-2024\/#article","isPartOf":{"@id":"https:\/\/www.alveria.it\/2023\/12\/11\/le-principali-sfide-delle-direzione-hr-per-il-2024\/"},"author":{"name":"Roberta Sardo","@id":"https:\/\/www.alveria.it\/#\/schema\/person\/eb1f5cf33748eda0a88012759920cf51"},"headline":"LE PRINCIPALI SFIDE DELLE DIREZIONE HR PER IL 2024","datePublished":"2023-12-11T15:59:51+00:00","dateModified":"2024-05-19T12:26:05+00:00","mainEntityOfPage":{"@id":"https:\/\/www.alveria.it\/2023\/12\/11\/le-principali-sfide-delle-direzione-hr-per-il-2024\/"},"wordCount":2643,"commentCount":0,"publisher":{"@id":"https:\/\/www.alveria.it\/#organization"},"image":{"@id":"https:\/\/www.alveria.it\/2023\/12\/11\/le-principali-sfide-delle-direzione-hr-per-il-2024\/#primaryimage"},"thumbnailUrl":"https:\/\/www.alveria.it\/wp-content\/uploads\/2023\/12\/Le-principali-sfide-delle-direzione-hr-per-il-2024.jpg","keywords":["Caso studio"],"articleSection":["Risorse Umane"],"inLanguage":"es","potentialAction":[{"@type":"CommentAction","name":"Comment","target":["https:\/\/www.alveria.it\/2023\/12\/11\/le-principali-sfide-delle-direzione-hr-per-il-2024\/#respond"]}]},{"@type":"WebPage","@id":"https:\/\/www.alveria.it\/2023\/12\/11\/le-principali-sfide-delle-direzione-hr-per-il-2024\/","url":"https:\/\/www.alveria.it\/2023\/12\/11\/le-principali-sfide-delle-direzione-hr-per-il-2024\/","name":"Los principales retos de la Direcci\u00f3n HR para 2024","isPartOf":{"@id":"https:\/\/www.alveria.it\/#website"},"primaryImageOfPage":{"@id":"https:\/\/www.alveria.it\/2023\/12\/11\/le-principali-sfide-delle-direzione-hr-per-il-2024\/#primaryimage"},"image":{"@id":"https:\/\/www.alveria.it\/2023\/12\/11\/le-principali-sfide-delle-direzione-hr-per-il-2024\/#primaryimage"},"thumbnailUrl":"https:\/\/www.alveria.it\/wp-content\/uploads\/2023\/12\/Le-principali-sfide-delle-direzione-hr-per-il-2024.jpg","datePublished":"2023-12-11T15:59:51+00:00","dateModified":"2024-05-19T12:26:05+00:00","description":"Taller del Observatorio: Retos Direcci\u00f3n HR 2024. Networking, Escasez de Talento, Gran Dimisi\u00f3n, IA, Experiencia del Empleado.","breadcrumb":{"@id":"https:\/\/www.alveria.it\/2023\/12\/11\/le-principali-sfide-delle-direzione-hr-per-il-2024\/#breadcrumb"},"inLanguage":"es","potentialAction":[{"@type":"ReadAction","target":["https:\/\/www.alveria.it\/2023\/12\/11\/le-principali-sfide-delle-direzione-hr-per-il-2024\/"]}]},{"@type":"ImageObject","inLanguage":"es","@id":"https:\/\/www.alveria.it\/2023\/12\/11\/le-principali-sfide-delle-direzione-hr-per-il-2024\/#primaryimage","url":"https:\/\/www.alveria.it\/wp-content\/uploads\/2023\/12\/Le-principali-sfide-delle-direzione-hr-per-il-2024.jpg","contentUrl":"https:\/\/www.alveria.it\/wp-content\/uploads\/2023\/12\/Le-principali-sfide-delle-direzione-hr-per-il-2024.jpg","width":1280,"height":720},{"@type":"BreadcrumbList","@id":"https:\/\/www.alveria.it\/2023\/12\/11\/le-principali-sfide-delle-direzione-hr-per-il-2024\/#breadcrumb","itemListElement":[{"@type":"ListItem","position":1,"name":"Home","item":"https:\/\/www.alveria.it\/"},{"@type":"ListItem","position":2,"name":"LE PRINCIPALI SFIDE DELLE DIREZIONE HR PER IL 2024"}]},{"@type":"WebSite","@id":"https:\/\/www.alveria.it\/#website","url":"https:\/\/www.alveria.it\/","name":"Alveria - Consultor\u00eda, formaci\u00f3n y soluciones","description":"Alveria - Consultor\u00eda, formaci\u00f3n y soluciones","publisher":{"@id":"https:\/\/www.alveria.it\/#organization"},"potentialAction":[{"@type":"SearchAction","target":{"@type":"EntryPoint","urlTemplate":"https:\/\/www.alveria.it\/?s={search_term_string}"},"query-input":{"@type":"PropertyValueSpecification","valueRequired":true,"valueName":"search_term_string"}}],"inLanguage":"es"},{"@type":"Organization","@id":"https:\/\/www.alveria.it\/#organization","name":"Alveria - Consultor\u00eda, formaci\u00f3n y soluciones","url":"https:\/\/www.alveria.it\/","logo":{"@type":"ImageObject","inLanguage":"es","@id":"https:\/\/www.alveria.it\/#\/schema\/logo\/image\/","url":"https:\/\/www.alveria.it\/wp-content\/uploads\/2023\/12\/logo_alveria_normal.svg","contentUrl":"https:\/\/www.alveria.it\/wp-content\/uploads\/2023\/12\/logo_alveria_normal.svg","caption":"Alveria - Consulting, Training and Solutions"},"image":{"@id":"https:\/\/www.alveria.it\/#\/schema\/logo\/image\/"}},{"@type":"Person","@id":"https:\/\/www.alveria.it\/#\/schema\/person\/eb1f5cf33748eda0a88012759920cf51","name":"Roberta Sardo","image":{"@type":"ImageObject","inLanguage":"es","@id":"https:\/\/secure.gravatar.com\/avatar\/ffcbd455e7188a9cd16a40170583f8cd2979477ef912fe334fb7d03ea74580c4?s=96&d=mm&r=g","url":"https:\/\/secure.gravatar.com\/avatar\/ffcbd455e7188a9cd16a40170583f8cd2979477ef912fe334fb7d03ea74580c4?s=96&d=mm&r=g","contentUrl":"https:\/\/secure.gravatar.com\/avatar\/ffcbd455e7188a9cd16a40170583f8cd2979477ef912fe334fb7d03ea74580c4?s=96&d=mm&r=g","caption":"Roberta Sardo"}}]}},"_links":{"self":[{"href":"https:\/\/www.alveria.it\/espanol\/wp-json\/wp\/v2\/posts\/1096","targetHints":{"allow":["GET"]}}],"collection":[{"href":"https:\/\/www.alveria.it\/espanol\/wp-json\/wp\/v2\/posts"}],"about":[{"href":"https:\/\/www.alveria.it\/espanol\/wp-json\/wp\/v2\/types\/post"}],"author":[{"embeddable":true,"href":"https:\/\/www.alveria.it\/espanol\/wp-json\/wp\/v2\/users\/2"}],"replies":[{"embeddable":true,"href":"https:\/\/www.alveria.it\/espanol\/wp-json\/wp\/v2\/comments?post=1096"}],"version-history":[{"count":5,"href":"https:\/\/www.alveria.it\/espanol\/wp-json\/wp\/v2\/posts\/1096\/revisions"}],"predecessor-version":[{"id":1403,"href":"https:\/\/www.alveria.it\/espanol\/wp-json\/wp\/v2\/posts\/1096\/revisions\/1403"}],"wp:featuredmedia":[{"embeddable":true,"href":"https:\/\/www.alveria.it\/espanol\/wp-json\/wp\/v2\/media\/1335"}],"wp:attachment":[{"href":"https:\/\/www.alveria.it\/espanol\/wp-json\/wp\/v2\/media?parent=1096"}],"wp:term":[{"taxonomy":"category","embeddable":true,"href":"https:\/\/www.alveria.it\/espanol\/wp-json\/wp\/v2\/categories?post=1096"},{"taxonomy":"post_tag","embeddable":true,"href":"https:\/\/www.alveria.it\/espanol\/wp-json\/wp\/v2\/tags?post=1096"}],"curies":[{"name":"wp","href":"https:\/\/api.w.org\/{rel}","templated":true}]}}