{"id":807,"date":"2022-10-04T00:00:00","date_gmt":"2022-10-04T00:00:00","guid":{"rendered":"https:\/\/www.alveria.it\/?p=807"},"modified":"2024-05-19T11:14:51","modified_gmt":"2024-05-19T11:14:51","slug":"human-resources-alveria-grundet-eine-abteilung-fur-mittelstandische-unternehmen","status":"publish","type":"post","link":"https:\/\/www.alveria.it\/de\/2022\/10\/04\/risorse-umane-alveria-lancia-una-divisione-per-le-medie-aziende\/","title":{"rendered":"HUMAN RESOURCES, ALVERIA GR\u00dcNDET EINE ABTEILUNG F\u00dcR MITTELST\u00c4NDISCHE UNTERNEHMEN"},"content":{"rendered":"<p><strong>Alveria,<\/strong> societ\u00e0 di consulenza specializzata nell&#8217;organizzazione e sviluppo delle risorse umane, <strong>lancia una divisione dedicata alle medie imprese.<\/strong> Una piattaforma di digitalizzazione dei processi HR che cerca di rispondere alla <strong>crescente necessit\u00e0 delle aziende di avere soluzioni smart e flessibili.<\/strong> A parlarne \u00e8 il Ceo, Massimo Genova.<\/p>\n<h2>Alveria e l&#8217;evoluzione delle risorse umane<\/h2>\n<p>&#8220;Alveria nasce alla fine del 2010 con un focus molto forte su alcuni ambiti: HR e sales &#8211; dice &#8211; per questi due ambiti<strong> i servizi che mettiamo a disposizione sono di consulenza, formazione e soluzioni tecnologiche.<\/strong> E&#8217; la nostra caratteristica distintiva in quanto nel mercato abbiamo aziende che vendono solo servizi di consulenza e aziende che vendono soluzioni tecnologiche&#8221;.<\/p>\n<p>E&#8217; lo stesso Genova a spiegare la ragione per cui questi ambiti sono stati accorpati. &#8220;Perch\u00e9 molto spesso se noi offriamo solo il servizio di consulenza lasciamo poi al cliente il problema dell&#8217;implementazione &#8211; prosegue &#8211; allo stesso modo <strong>le aziende che vendono solo servizi<\/strong> tecnologici di fatto spesso <strong>non coprono<\/strong> in modo puntuale <strong>le competenze necessarie<\/strong>, che sono <strong>collegate ai servizi che implementano<\/strong>&#8220;.<\/p>\n<p><strong>Forte di un&#8217;esperienza con grandi aziende, italiane e multinazionali,<\/strong> che da anni affrontano il tema della gestione delle risorse umane, ora Alveria ha deciso di concentrarsi sulle medie imprese che hanno bisogno di strutture organizzative pi\u00f9 snelle ed efficaci.<\/p>\n<p><strong>&#8220;Abbiamo creato una business unit per le medie aziende<\/strong> per diverse ragioni &#8211; sottolinea Genova &#8211; uno perch\u00e8 riteniamo che il tema della gestione delle risorse umane nelle medie aziende italiane sia oggi particolarmente sentito. Due perch\u00e9 riteniamo che l&#8217;esperienza fatta nei grandi contesti organizzativi, parlo di aziende molto, molto grandi con decine di migliaia di persone e strutture molto complesse, possa essere un grande valore aggiunto anche per le medie aziende. Anche perch\u00e9 poi le nostre <strong>soluzioni tecnologiche<\/strong> hanno al loro interno modelli di gestione e processi, tra l&#8217;altro <strong>facilmente configurabili senza scrivere una riga di codice<\/strong>, che possono dare un boost alle medie aziende per allinearsi il pi\u00f9 velocemente possibile a quelle che sono le loro esigenze, oggi, di digitalizzazione e di risposta ai contesti del mercato in cui operano&#8221;.<\/p>\n<p>Tra le principali attivit\u00e0 di Alveria c&#8217;\u00e8 il monitoraggio costante del costo del lavoro, che incide in media del 30-35% sui bilanci delle aziende. &#8220;La cosa paradossale \u00e8 che sul costo del lavoro c&#8217;\u00e8 grande attenzione, ma quasi sempre a consuntivo &#8211; conclude il Ceo di Alveria &#8211; <strong>oggi abbiamo a disposizione soluzioni tecnologiche, disponibili da subito,<\/strong> che consentono di monitorare il fenomeno del costo in tutta la sua vita, anche con modelli di tipo previsionale&#8221;.<\/p>\n<p><strong>Artikel ver\u00f6ffentlicht von: <\/strong><\/p>\n<p><a href=\"https:\/\/askanews.it\/old\/op.php?file=\/video\/2022\/10\/04\/risorse-umane-alveria-lancia-una-divisione-per-le-medie-aziende-20221004_video_13064530\/\">Askanews<\/a><\/p>\n<p><a href=\"https:\/\/www.youtube.com\/watch?v=-FD8Sa19RXc\">Askanews Video<\/a><\/p>\n<p><a href=\"https:\/\/stream24.ilsole24ore.com\/video\/economia\/risorse-umane-alveria-lancia-divisione-le-medie-aziende\/AECgDk5B\">Stream24 &#8211; Il Sole 24H\u00a0<\/a><\/p>\n<p><a href=\"https:\/\/www.dailymotion.com\/video\/x8e76bl\">Dailymotion<\/a><\/p>\n<p><a href=\"https:\/\/www.today.it\/video\/risorse-umane-alveria-lancia-una-divisione-per-le-medie-aziende-7s0nm.askanews.html\">Heute Video<\/a><\/p>\n<p><a href=\"https:\/\/www.libero.it\/tv\/risorse-umane-alveria-lancia-una-divisione-per-le-medie-aziende_bc6313256763112\">Kostenlos<\/a><\/p>\n<h3>Neueste Beitr\u00e4ge<\/h3>\n<ul>\n<li class=\"post format-\"><a href=\"https:\/\/www.alveria.it\/de\/2024\/05\/12\/hr-tools-was-sind-die-besten-1267\/\"><img loading=\"lazy\" decoding=\"async\" class=\"scale-with-grid wp-post-image\" src=\"https:\/\/www.alveria.it\/wp-content\/uploads\/2024\/05\/Tools-per-hr-quali-sono-i-migliori-1.jpg\" sizes=\"auto, (max-width:767px) 480px, (max-width:1220px) 100vw, 1220px\" srcset=\"https:\/\/www.alveria.it\/wp-content\/uploads\/2024\/05\/Tools-per-hr-quali-sono-i-migliori-1.jpg 1280w, https:\/\/www.alveria.it\/wp-content\/uploads\/2024\/05\/Tools-per-hr-quali-sono-i-migliori-1-500x281.jpg 500w, https:\/\/www.alveria.it\/wp-content\/uploads\/2024\/05\/Tools-per-hr-quali-sono-i-migliori-1-1200x675.jpg 1200w, https:\/\/www.alveria.it\/wp-content\/uploads\/2024\/05\/Tools-per-hr-quali-sono-i-migliori-1-300x169.jpg 300w, https:\/\/www.alveria.it\/wp-content\/uploads\/2024\/05\/Tools-per-hr-quali-sono-i-migliori-1-768x432.jpg 768w, https:\/\/www.alveria.it\/wp-content\/uploads\/2024\/05\/Tools-per-hr-quali-sono-i-migliori-1-18x10.jpg 18w, https:\/\/www.alveria.it\/wp-content\/uploads\/2024\/05\/Tools-per-hr-quali-sono-i-migliori-1-133x75.jpg 133w, https:\/\/www.alveria.it\/wp-content\/uploads\/2024\/05\/Tools-per-hr-quali-sono-i-migliori-1-480x270.jpg 480w\" alt=\"\" width=\"1220\" height=\"686\" \/><span class=\"c\">0<\/span><strong>Digitalisierung<\/strong><br \/>\n<\/a><\/p>\n<h6>HR-Tools: Welche sind die besten?<\/h6>\n<p><span class=\"date\">12. Mai 2024<\/span><\/li>\n<li class=\"post format-\"><a href=\"https:\/\/www.alveria.it\/de\/2024\/03\/20\/hr-und-die-entwicklung-des-personalmanagements-2\/\"><img loading=\"lazy\" decoding=\"async\" class=\"scale-with-grid wp-post-image\" src=\"https:\/\/www.alveria.it\/wp-content\/uploads\/2024\/03\/Hr-e-Ai-levoluzione-che-passa-dalla-gestione-delle-risorse-umane.jpg\" sizes=\"auto, (max-width:767px) 480px, (max-width:1220px) 100vw, 1220px\" srcset=\"https:\/\/www.alveria.it\/wp-content\/uploads\/2024\/03\/Hr-e-Ai-levoluzione-che-passa-dalla-gestione-delle-risorse-umane.jpg 1280w, https:\/\/www.alveria.it\/wp-content\/uploads\/2024\/03\/Hr-e-Ai-levoluzione-che-passa-dalla-gestione-delle-risorse-umane-500x281.jpg 500w, https:\/\/www.alveria.it\/wp-content\/uploads\/2024\/03\/Hr-e-Ai-levoluzione-che-passa-dalla-gestione-delle-risorse-umane-1200x675.jpg 1200w, https:\/\/www.alveria.it\/wp-content\/uploads\/2024\/03\/Hr-e-Ai-levoluzione-che-passa-dalla-gestione-delle-risorse-umane-300x169.jpg 300w, https:\/\/www.alveria.it\/wp-content\/uploads\/2024\/03\/Hr-e-Ai-levoluzione-che-passa-dalla-gestione-delle-risorse-umane-768x432.jpg 768w, https:\/\/www.alveria.it\/wp-content\/uploads\/2024\/03\/Hr-e-Ai-levoluzione-che-passa-dalla-gestione-delle-risorse-umane-18x10.jpg 18w, https:\/\/www.alveria.it\/wp-content\/uploads\/2024\/03\/Hr-e-Ai-levoluzione-che-passa-dalla-gestione-delle-risorse-umane-133x75.jpg 133w, https:\/\/www.alveria.it\/wp-content\/uploads\/2024\/03\/Hr-e-Ai-levoluzione-che-passa-dalla-gestione-delle-risorse-umane-480x270.jpg 480w\" alt=\"\" width=\"1220\" height=\"686\" \/><span class=\"c\">0<\/span><strong>Personalwesen<\/strong><br \/>\n<\/a><\/p>\n<h6>HR und KI: die Entwicklung durch Personalmanagement<\/h6>\n<p><span class=\"date\">20. M\u00e4rz 2024<\/span><\/li>\n<li class=\"post format-\"><a href=\"https:\/\/www.alveria.it\/de\/2024\/02\/22\/die-grenzen-der-bewahrten-praktiken-fur-die-mitarbeitererfahrung-im-vergleich\/\"><img loading=\"lazy\" decoding=\"async\" class=\"scale-with-grid wp-post-image\" src=\"https:\/\/www.alveria.it\/wp-content\/uploads\/2024\/02\/Le-frontiere-dellemployee-experience-best-practice-a-confronto.jpg\" sizes=\"auto, (max-width:767px) 480px, (max-width:1220px) 100vw, 1220px\" srcset=\"https:\/\/www.alveria.it\/wp-content\/uploads\/2024\/02\/Le-frontiere-dellemployee-experience-best-practice-a-confronto.jpg 1280w, https:\/\/www.alveria.it\/wp-content\/uploads\/2024\/02\/Le-frontiere-dellemployee-experience-best-practice-a-confronto-500x281.jpg 500w, https:\/\/www.alveria.it\/wp-content\/uploads\/2024\/02\/Le-frontiere-dellemployee-experience-best-practice-a-confronto-1200x675.jpg 1200w, https:\/\/www.alveria.it\/wp-content\/uploads\/2024\/02\/Le-frontiere-dellemployee-experience-best-practice-a-confronto-300x169.jpg 300w, https:\/\/www.alveria.it\/wp-content\/uploads\/2024\/02\/Le-frontiere-dellemployee-experience-best-practice-a-confronto-768x432.jpg 768w, https:\/\/www.alveria.it\/wp-content\/uploads\/2024\/02\/Le-frontiere-dellemployee-experience-best-practice-a-confronto-18x10.jpg 18w, https:\/\/www.alveria.it\/wp-content\/uploads\/2024\/02\/Le-frontiere-dellemployee-experience-best-practice-a-confronto-133x75.jpg 133w, https:\/\/www.alveria.it\/wp-content\/uploads\/2024\/02\/Le-frontiere-dellemployee-experience-best-practice-a-confronto-480x270.jpg 480w\" alt=\"\" width=\"1220\" height=\"686\" \/><span class=\"c\">0<\/span><strong>Personalwesen<\/strong><br \/>\n<\/a><\/p>\n<h6>Grenzen der Mitarbeitererfahrung: Vergleich bew\u00e4hrter Verfahren<\/h6>\n<p><span class=\"date\">22. Februar 2024<\/span><\/li>\n<\/ul>\n<h3>Suche hier<\/h3>\n<p>.path{fill:none;stroke-miterlimit:10;stroke-width:1.5px;}<br \/>\n<span class=\"mfn-close-icon icon_close\" tabindex=\"0\"><span class=\"icon\">\u2715<\/span><\/span><\/p>\n<h3>Beliebte Tags<\/h3>\n<p><a class=\"tag-cloud-link tag-link-44 tag-link-position-1\" style=\"font-size: 22pt;\" href=\"https:\/\/www.alveria.it\/de\/tag\/artikel\/\" aria-label=\"Artikel (6 St\u00fcck)\">Artikel<\/a><br \/>\n<a class=\"tag-cloud-link tag-link-45 tag-link-position-2\" style=\"font-size: 18.181818181818pt;\" href=\"https:\/\/www.alveria.it\/de\/tag\/fallstudie\/\" aria-label=\"Fallstudie (4 Elemente)\">Fallstudie<\/a><br \/>\n<a class=\"tag-cloud-link tag-link-46 tag-link-position-3\" style=\"font-size: 15.636363636364pt;\" href=\"https:\/\/www.alveria.it\/de\/tag\/in-anwesenheit\/\" aria-label=\"Anwesend (3 Elemente)\">In Anwesenheit<\/a><br \/>\n<a class=\"tag-cloud-link tag-link-52 tag-link-position-4\" style=\"font-size: 20.218181818182pt;\" href=\"https:\/\/www.alveria.it\/de\/tag\/in-der-online-prasenz\/\" aria-label=\"In Anwesenheit\/online (5 Elemente)\">In Anwesenheit\/online<\/a><br \/>\n<a class=\"tag-cloud-link tag-link-47 tag-link-position-5\" style=\"font-size: 8pt;\" href=\"https:\/\/www.alveria.it\/de\/tag\/online\/\" aria-label=\"On Line (1 Artikel)\">Online<\/a><\/p>\n<h1 class=\"title\">BERATUNG, SCHULUNG ZUR DIGITALISIERUNG DES PERSONALWESENS UND UNTERNEHMENSL\u00d6SUNGEN ENTDECKEN SIE DIE ALVERIA-METHODE UND BEREITEN SIE SICH AUF DEN WANDEL VOR.<\/h1>\n<p><a class=\"button  button_size_2 button_dark\" title=\"\" href=\"\/de\/kontakte\/\"><span class=\"button_label\">WEITERE INFORMATIONEN ANFORDERN<\/span><\/a><\/p>","protected":false},"excerpt":{"rendered":"<p>Alveria antwortet auf den wachsenden Bedarf der Unternehmen an intelligenten und flexiblen L\u00f6sungen.<\/p>","protected":false},"author":4,"featured_media":1292,"comment_status":"open","ping_status":"open","sticky":false,"template":"","format":"standard","meta":{"iawp_total_views":20,"footnotes":""},"categories":[38],"tags":[],"class_list":["post-807","post","type-post","status-publish","format-standard","has-post-thumbnail","hentry","category-alveriapress"],"yoast_head":"<!-- This site is optimized with the Yoast SEO plugin v27.5 - https:\/\/yoast.com\/product\/yoast-seo-wordpress\/ -->\n<title>Risorse Umane, Alveria lancia una divisione per le medie aziende<\/title>\n<meta name=\"description\" content=\"Alveria lancia una piattaforma per le risorse umane delle medie imprese, con soluzioni digitali e monitoraggio dei costi del lavoro.\" \/>\n<meta name=\"robots\" content=\"index, follow, max-snippet:-1, max-image-preview:large, max-video-preview:-1\" \/>\n<link rel=\"canonical\" href=\"https:\/\/www.alveria.it\/de\/2022\/10\/04\/human-resources-alveria-grundet-eine-abteilung-fur-mittelstandische-unternehmen\/\" \/>\n<meta property=\"og:locale\" content=\"de_DE\" \/>\n<meta property=\"og:type\" content=\"article\" \/>\n<meta property=\"og:title\" content=\"Risorse Umane, Alveria lancia una divisione per le medie aziende\" \/>\n<meta property=\"og:description\" content=\"Alveria lancia una piattaforma per le risorse umane delle medie imprese, con soluzioni digitali e monitoraggio dei costi del lavoro.\" \/>\n<meta property=\"og:url\" content=\"https:\/\/www.alveria.it\/de\/2022\/10\/04\/human-resources-alveria-grundet-eine-abteilung-fur-mittelstandische-unternehmen\/\" \/>\n<meta property=\"og:site_name\" content=\"Alveria - Consulting, Training and Solutions\" \/>\n<meta property=\"article:published_time\" content=\"2022-10-04T00:00:00+00:00\" \/>\n<meta property=\"article:modified_time\" content=\"2024-05-19T11:14:51+00:00\" \/>\n<meta property=\"og:image\" content=\"https:\/\/www.alveria.it\/wp-content\/uploads\/2022\/10\/Alveria-lancia-una-nuova-divisione-per-le-medie-aziende-1.jpg\" \/>\n\t<meta property=\"og:image:width\" content=\"1280\" \/>\n\t<meta property=\"og:image:height\" content=\"720\" \/>\n\t<meta property=\"og:image:type\" content=\"image\/jpeg\" \/>\n<meta name=\"author\" content=\"Monica Auditore\" \/>\n<meta name=\"twitter:card\" content=\"summary_large_image\" \/>\n<meta name=\"twitter:label1\" content=\"Verfasst von\" \/>\n\t<meta name=\"twitter:data1\" content=\"Monica Auditore\" \/>\n\t<meta name=\"twitter:label2\" content=\"Gesch\u00e4tzte Lesezeit\" \/>\n\t<meta name=\"twitter:data2\" content=\"4\u00a0Minuten\" \/>\n<script type=\"application\/ld+json\" class=\"yoast-schema-graph\">{\"@context\":\"https:\\\/\\\/schema.org\",\"@graph\":[{\"@type\":\"Article\",\"@id\":\"https:\\\/\\\/www.alveria.it\\\/2022\\\/10\\\/04\\\/risorse-umane-alveria-lancia-una-divisione-per-le-medie-aziende\\\/#article\",\"isPartOf\":{\"@id\":\"https:\\\/\\\/www.alveria.it\\\/2022\\\/10\\\/04\\\/risorse-umane-alveria-lancia-una-divisione-per-le-medie-aziende\\\/\"},\"author\":{\"name\":\"Monica Auditore\",\"@id\":\"https:\\\/\\\/www.alveria.it\\\/#\\\/schema\\\/person\\\/3d4647067f7f3121fe0f8c8234748cc2\"},\"headline\":\"RISORSE UMANE, ALVERIA LANCIA UNA DIVISIONE PER LE MEDIE AZIENDE\",\"datePublished\":\"2022-10-04T00:00:00+00:00\",\"dateModified\":\"2024-05-19T11:14:51+00:00\",\"mainEntityOfPage\":{\"@id\":\"https:\\\/\\\/www.alveria.it\\\/2022\\\/10\\\/04\\\/risorse-umane-alveria-lancia-una-divisione-per-le-medie-aziende\\\/\"},\"wordCount\":528,\"commentCount\":0,\"publisher\":{\"@id\":\"https:\\\/\\\/www.alveria.it\\\/#organization\"},\"image\":{\"@id\":\"https:\\\/\\\/www.alveria.it\\\/2022\\\/10\\\/04\\\/risorse-umane-alveria-lancia-una-divisione-per-le-medie-aziende\\\/#primaryimage\"},\"thumbnailUrl\":\"https:\\\/\\\/www.alveria.it\\\/wp-content\\\/uploads\\\/2022\\\/10\\\/Alveria-lancia-una-nuova-divisione-per-le-medie-aziende-1.jpg\",\"articleSection\":[\"Alveriapress\"],\"inLanguage\":\"de\",\"potentialAction\":[{\"@type\":\"CommentAction\",\"name\":\"Comment\",\"target\":[\"https:\\\/\\\/www.alveria.it\\\/2022\\\/10\\\/04\\\/risorse-umane-alveria-lancia-una-divisione-per-le-medie-aziende\\\/#respond\"]}]},{\"@type\":\"WebPage\",\"@id\":\"https:\\\/\\\/www.alveria.it\\\/2022\\\/10\\\/04\\\/risorse-umane-alveria-lancia-una-divisione-per-le-medie-aziende\\\/\",\"url\":\"https:\\\/\\\/www.alveria.it\\\/2022\\\/10\\\/04\\\/risorse-umane-alveria-lancia-una-divisione-per-le-medie-aziende\\\/\",\"name\":\"Risorse Umane, Alveria lancia una divisione per le medie aziende\",\"isPartOf\":{\"@id\":\"https:\\\/\\\/www.alveria.it\\\/#website\"},\"primaryImageOfPage\":{\"@id\":\"https:\\\/\\\/www.alveria.it\\\/2022\\\/10\\\/04\\\/risorse-umane-alveria-lancia-una-divisione-per-le-medie-aziende\\\/#primaryimage\"},\"image\":{\"@id\":\"https:\\\/\\\/www.alveria.it\\\/2022\\\/10\\\/04\\\/risorse-umane-alveria-lancia-una-divisione-per-le-medie-aziende\\\/#primaryimage\"},\"thumbnailUrl\":\"https:\\\/\\\/www.alveria.it\\\/wp-content\\\/uploads\\\/2022\\\/10\\\/Alveria-lancia-una-nuova-divisione-per-le-medie-aziende-1.jpg\",\"datePublished\":\"2022-10-04T00:00:00+00:00\",\"dateModified\":\"2024-05-19T11:14:51+00:00\",\"description\":\"Alveria lancia una piattaforma per le risorse umane delle medie imprese, con soluzioni digitali e monitoraggio dei costi del lavoro.\",\"breadcrumb\":{\"@id\":\"https:\\\/\\\/www.alveria.it\\\/2022\\\/10\\\/04\\\/risorse-umane-alveria-lancia-una-divisione-per-le-medie-aziende\\\/#breadcrumb\"},\"inLanguage\":\"de\",\"potentialAction\":[{\"@type\":\"ReadAction\",\"target\":[\"https:\\\/\\\/www.alveria.it\\\/2022\\\/10\\\/04\\\/risorse-umane-alveria-lancia-una-divisione-per-le-medie-aziende\\\/\"]}]},{\"@type\":\"ImageObject\",\"inLanguage\":\"de\",\"@id\":\"https:\\\/\\\/www.alveria.it\\\/2022\\\/10\\\/04\\\/risorse-umane-alveria-lancia-una-divisione-per-le-medie-aziende\\\/#primaryimage\",\"url\":\"https:\\\/\\\/www.alveria.it\\\/wp-content\\\/uploads\\\/2022\\\/10\\\/Alveria-lancia-una-nuova-divisione-per-le-medie-aziende-1.jpg\",\"contentUrl\":\"https:\\\/\\\/www.alveria.it\\\/wp-content\\\/uploads\\\/2022\\\/10\\\/Alveria-lancia-una-nuova-divisione-per-le-medie-aziende-1.jpg\",\"width\":1280,\"height\":720,\"caption\":\"Risorse Umane, Alveria lancia una nuova divisione per le medie aziende\"},{\"@type\":\"BreadcrumbList\",\"@id\":\"https:\\\/\\\/www.alveria.it\\\/2022\\\/10\\\/04\\\/risorse-umane-alveria-lancia-una-divisione-per-le-medie-aziende\\\/#breadcrumb\",\"itemListElement\":[{\"@type\":\"ListItem\",\"position\":1,\"name\":\"Home\",\"item\":\"https:\\\/\\\/www.alveria.it\\\/\"},{\"@type\":\"ListItem\",\"position\":2,\"name\":\"RISORSE UMANE, ALVERIA LANCIA UNA DIVISIONE PER LE MEDIE AZIENDE\"}]},{\"@type\":\"WebSite\",\"@id\":\"https:\\\/\\\/www.alveria.it\\\/#website\",\"url\":\"https:\\\/\\\/www.alveria.it\\\/\",\"name\":\"Alveria - Consulting, Training and Solutions\",\"description\":\"Alveria - Consulting, Training and Solutions\",\"publisher\":{\"@id\":\"https:\\\/\\\/www.alveria.it\\\/#organization\"},\"potentialAction\":[{\"@type\":\"SearchAction\",\"target\":{\"@type\":\"EntryPoint\",\"urlTemplate\":\"https:\\\/\\\/www.alveria.it\\\/?s={search_term_string}\"},\"query-input\":{\"@type\":\"PropertyValueSpecification\",\"valueRequired\":true,\"valueName\":\"search_term_string\"}}],\"inLanguage\":\"de\"},{\"@type\":\"Organization\",\"@id\":\"https:\\\/\\\/www.alveria.it\\\/#organization\",\"name\":\"Alveria - Consulting, Training and Solutions\",\"url\":\"https:\\\/\\\/www.alveria.it\\\/\",\"logo\":{\"@type\":\"ImageObject\",\"inLanguage\":\"de\",\"@id\":\"https:\\\/\\\/www.alveria.it\\\/#\\\/schema\\\/logo\\\/image\\\/\",\"url\":\"https:\\\/\\\/www.alveria.it\\\/wp-content\\\/uploads\\\/2023\\\/12\\\/logo_alveria_normal.svg\",\"contentUrl\":\"https:\\\/\\\/www.alveria.it\\\/wp-content\\\/uploads\\\/2023\\\/12\\\/logo_alveria_normal.svg\",\"caption\":\"Alveria - Consulting, Training and Solutions\"},\"image\":{\"@id\":\"https:\\\/\\\/www.alveria.it\\\/#\\\/schema\\\/logo\\\/image\\\/\"}},{\"@type\":\"Person\",\"@id\":\"https:\\\/\\\/www.alveria.it\\\/#\\\/schema\\\/person\\\/3d4647067f7f3121fe0f8c8234748cc2\",\"name\":\"Monica Auditore\",\"image\":{\"@type\":\"ImageObject\",\"inLanguage\":\"de\",\"@id\":\"https:\\\/\\\/secure.gravatar.com\\\/avatar\\\/9cabeb5b300dbfb7990236215d21406463422e922d57cf9ca3f0c346307885ff?s=96&d=mm&r=g\",\"url\":\"https:\\\/\\\/secure.gravatar.com\\\/avatar\\\/9cabeb5b300dbfb7990236215d21406463422e922d57cf9ca3f0c346307885ff?s=96&d=mm&r=g\",\"contentUrl\":\"https:\\\/\\\/secure.gravatar.com\\\/avatar\\\/9cabeb5b300dbfb7990236215d21406463422e922d57cf9ca3f0c346307885ff?s=96&d=mm&r=g\",\"caption\":\"Monica Auditore\"}}]}<\/script>\n<!-- \/ Yoast SEO plugin. -->","yoast_head_json":{"title":"Human Resources, Alveria gr\u00fcndet eine Abteilung f\u00fcr mittelst\u00e4ndische Unternehmen","description":"Alveria f\u00fchrt eine Personalplattform f\u00fcr mittelst\u00e4ndische Unternehmen mit digitalen L\u00f6sungen und Arbeitskosten\u00fcberwachung ein.","robots":{"index":"index","follow":"follow","max-snippet":"max-snippet:-1","max-image-preview":"max-image-preview:large","max-video-preview":"max-video-preview:-1"},"canonical":"https:\/\/www.alveria.it\/de\/2022\/10\/04\/human-resources-alveria-grundet-eine-abteilung-fur-mittelstandische-unternehmen\/","og_locale":"de_DE","og_type":"article","og_title":"Risorse Umane, Alveria lancia una divisione per le medie aziende","og_description":"Alveria lancia una piattaforma per le risorse umane delle medie imprese, con soluzioni digitali e monitoraggio dei costi del lavoro.","og_url":"https:\/\/www.alveria.it\/de\/2022\/10\/04\/human-resources-alveria-grundet-eine-abteilung-fur-mittelstandische-unternehmen\/","og_site_name":"Alveria - Consulting, Training and Solutions","article_published_time":"2022-10-04T00:00:00+00:00","article_modified_time":"2024-05-19T11:14:51+00:00","og_image":[{"width":1280,"height":720,"url":"https:\/\/www.alveria.it\/wp-content\/uploads\/2022\/10\/Alveria-lancia-una-nuova-divisione-per-le-medie-aziende-1.jpg","type":"image\/jpeg"}],"author":"Monica Auditore","twitter_card":"summary_large_image","twitter_misc":{"Verfasst von":"Monica Auditore","Gesch\u00e4tzte Lesezeit":"4\u00a0Minuten"},"schema":{"@context":"https:\/\/schema.org","@graph":[{"@type":"Article","@id":"https:\/\/www.alveria.it\/2022\/10\/04\/risorse-umane-alveria-lancia-una-divisione-per-le-medie-aziende\/#article","isPartOf":{"@id":"https:\/\/www.alveria.it\/2022\/10\/04\/risorse-umane-alveria-lancia-una-divisione-per-le-medie-aziende\/"},"author":{"name":"Monica Auditore","@id":"https:\/\/www.alveria.it\/#\/schema\/person\/3d4647067f7f3121fe0f8c8234748cc2"},"headline":"RISORSE UMANE, ALVERIA LANCIA UNA DIVISIONE PER LE MEDIE AZIENDE","datePublished":"2022-10-04T00:00:00+00:00","dateModified":"2024-05-19T11:14:51+00:00","mainEntityOfPage":{"@id":"https:\/\/www.alveria.it\/2022\/10\/04\/risorse-umane-alveria-lancia-una-divisione-per-le-medie-aziende\/"},"wordCount":528,"commentCount":0,"publisher":{"@id":"https:\/\/www.alveria.it\/#organization"},"image":{"@id":"https:\/\/www.alveria.it\/2022\/10\/04\/risorse-umane-alveria-lancia-una-divisione-per-le-medie-aziende\/#primaryimage"},"thumbnailUrl":"https:\/\/www.alveria.it\/wp-content\/uploads\/2022\/10\/Alveria-lancia-una-nuova-divisione-per-le-medie-aziende-1.jpg","articleSection":["Alveriapress"],"inLanguage":"de","potentialAction":[{"@type":"CommentAction","name":"Comment","target":["https:\/\/www.alveria.it\/2022\/10\/04\/risorse-umane-alveria-lancia-una-divisione-per-le-medie-aziende\/#respond"]}]},{"@type":"WebPage","@id":"https:\/\/www.alveria.it\/2022\/10\/04\/risorse-umane-alveria-lancia-una-divisione-per-le-medie-aziende\/","url":"https:\/\/www.alveria.it\/2022\/10\/04\/risorse-umane-alveria-lancia-una-divisione-per-le-medie-aziende\/","name":"Human Resources, Alveria gr\u00fcndet eine Abteilung f\u00fcr mittelst\u00e4ndische Unternehmen","isPartOf":{"@id":"https:\/\/www.alveria.it\/#website"},"primaryImageOfPage":{"@id":"https:\/\/www.alveria.it\/2022\/10\/04\/risorse-umane-alveria-lancia-una-divisione-per-le-medie-aziende\/#primaryimage"},"image":{"@id":"https:\/\/www.alveria.it\/2022\/10\/04\/risorse-umane-alveria-lancia-una-divisione-per-le-medie-aziende\/#primaryimage"},"thumbnailUrl":"https:\/\/www.alveria.it\/wp-content\/uploads\/2022\/10\/Alveria-lancia-una-nuova-divisione-per-le-medie-aziende-1.jpg","datePublished":"2022-10-04T00:00:00+00:00","dateModified":"2024-05-19T11:14:51+00:00","description":"Alveria f\u00fchrt eine Personalplattform f\u00fcr mittelst\u00e4ndische Unternehmen mit digitalen L\u00f6sungen und Arbeitskosten\u00fcberwachung ein.","breadcrumb":{"@id":"https:\/\/www.alveria.it\/2022\/10\/04\/risorse-umane-alveria-lancia-una-divisione-per-le-medie-aziende\/#breadcrumb"},"inLanguage":"de","potentialAction":[{"@type":"ReadAction","target":["https:\/\/www.alveria.it\/2022\/10\/04\/risorse-umane-alveria-lancia-una-divisione-per-le-medie-aziende\/"]}]},{"@type":"ImageObject","inLanguage":"de","@id":"https:\/\/www.alveria.it\/2022\/10\/04\/risorse-umane-alveria-lancia-una-divisione-per-le-medie-aziende\/#primaryimage","url":"https:\/\/www.alveria.it\/wp-content\/uploads\/2022\/10\/Alveria-lancia-una-nuova-divisione-per-le-medie-aziende-1.jpg","contentUrl":"https:\/\/www.alveria.it\/wp-content\/uploads\/2022\/10\/Alveria-lancia-una-nuova-divisione-per-le-medie-aziende-1.jpg","width":1280,"height":720,"caption":"Risorse Umane, Alveria lancia una nuova divisione per le medie aziende"},{"@type":"BreadcrumbList","@id":"https:\/\/www.alveria.it\/2022\/10\/04\/risorse-umane-alveria-lancia-una-divisione-per-le-medie-aziende\/#breadcrumb","itemListElement":[{"@type":"ListItem","position":1,"name":"Home","item":"https:\/\/www.alveria.it\/"},{"@type":"ListItem","position":2,"name":"RISORSE UMANE, ALVERIA LANCIA UNA DIVISIONE PER LE MEDIE AZIENDE"}]},{"@type":"WebSite","@id":"https:\/\/www.alveria.it\/#website","url":"https:\/\/www.alveria.it\/","name":"Alveria - Beratung, Schulung und L\u00f6sungen","description":"Alveria - Beratung, Schulung und L\u00f6sungen","publisher":{"@id":"https:\/\/www.alveria.it\/#organization"},"potentialAction":[{"@type":"SearchAction","target":{"@type":"EntryPoint","urlTemplate":"https:\/\/www.alveria.it\/?s={search_term_string}"},"query-input":{"@type":"PropertyValueSpecification","valueRequired":true,"valueName":"search_term_string"}}],"inLanguage":"de"},{"@type":"Organization","@id":"https:\/\/www.alveria.it\/#organization","name":"Alveria - Beratung, Schulung und L\u00f6sungen","url":"https:\/\/www.alveria.it\/","logo":{"@type":"ImageObject","inLanguage":"de","@id":"https:\/\/www.alveria.it\/#\/schema\/logo\/image\/","url":"https:\/\/www.alveria.it\/wp-content\/uploads\/2023\/12\/logo_alveria_normal.svg","contentUrl":"https:\/\/www.alveria.it\/wp-content\/uploads\/2023\/12\/logo_alveria_normal.svg","caption":"Alveria - Consulting, Training and Solutions"},"image":{"@id":"https:\/\/www.alveria.it\/#\/schema\/logo\/image\/"}},{"@type":"Person","@id":"https:\/\/www.alveria.it\/#\/schema\/person\/3d4647067f7f3121fe0f8c8234748cc2","name":"Monica Auditore","image":{"@type":"ImageObject","inLanguage":"de","@id":"https:\/\/secure.gravatar.com\/avatar\/9cabeb5b300dbfb7990236215d21406463422e922d57cf9ca3f0c346307885ff?s=96&d=mm&r=g","url":"https:\/\/secure.gravatar.com\/avatar\/9cabeb5b300dbfb7990236215d21406463422e922d57cf9ca3f0c346307885ff?s=96&d=mm&r=g","contentUrl":"https:\/\/secure.gravatar.com\/avatar\/9cabeb5b300dbfb7990236215d21406463422e922d57cf9ca3f0c346307885ff?s=96&d=mm&r=g","caption":"Monica Auditore"}}]}},"_links":{"self":[{"href":"https:\/\/www.alveria.it\/de\/wp-json\/wp\/v2\/posts\/807","targetHints":{"allow":["GET"]}}],"collection":[{"href":"https:\/\/www.alveria.it\/de\/wp-json\/wp\/v2\/posts"}],"about":[{"href":"https:\/\/www.alveria.it\/de\/wp-json\/wp\/v2\/types\/post"}],"author":[{"embeddable":true,"href":"https:\/\/www.alveria.it\/de\/wp-json\/wp\/v2\/users\/4"}],"replies":[{"embeddable":true,"href":"https:\/\/www.alveria.it\/de\/wp-json\/wp\/v2\/comments?post=807"}],"version-history":[{"count":4,"href":"https:\/\/www.alveria.it\/de\/wp-json\/wp\/v2\/posts\/807\/revisions"}],"predecessor-version":[{"id":1348,"href":"https:\/\/www.alveria.it\/de\/wp-json\/wp\/v2\/posts\/807\/revisions\/1348"}],"wp:featuredmedia":[{"embeddable":true,"href":"https:\/\/www.alveria.it\/de\/wp-json\/wp\/v2\/media\/1292"}],"wp:attachment":[{"href":"https:\/\/www.alveria.it\/de\/wp-json\/wp\/v2\/media?parent=807"}],"wp:term":[{"taxonomy":"category","embeddable":true,"href":"https:\/\/www.alveria.it\/de\/wp-json\/wp\/v2\/categories?post=807"},{"taxonomy":"post_tag","embeddable":true,"href":"https:\/\/www.alveria.it\/de\/wp-json\/wp\/v2\/tags?post=807"}],"curies":[{"name":"wp","href":"https:\/\/api.w.org\/{rel}","templated":true}]}}