{"id":1648,"date":"2024-10-21T13:42:42","date_gmt":"2024-10-21T13:42:42","guid":{"rendered":"https:\/\/www.alveria.it\/?p=1648"},"modified":"2024-10-22T09:40:42","modified_gmt":"2024-10-22T09:40:42","slug":"alveria-und-partner-des-16-human-resources-forum-1648","status":"publish","type":"post","link":"https:\/\/www.alveria.it\/de\/2024\/10\/21\/alveria-e-partner-della-16-edizione-del-forum-risorse-umane-1648\/","title":{"rendered":"ALVERIA IST PARTNER DES 16. FORUMS F\u00dcR HUMANRESSOURCEN"},"content":{"rendered":"<p>20. und 21. November 2024, <strong>Alveria<\/strong> wird teilnehmen als <strong>Inhaltliche Partner<\/strong> unter <strong>16. Forum f\u00fcr Humanressourcen<\/strong>die wichtigste italienische Veranstaltung, die der Welt der Arbeit und der Humanressourcen gewidmet ist. Die Veranstaltung findet statt im <strong>Magna Pars, Mailand<\/strong> und bietet eine Plattform f\u00fcr Diskussionen \u00fcber wichtige Themen wie die <strong>Hybridarbeit<\/strong>die <strong>Digitale Transformation HR<\/strong>die <strong>Rekrutierung<\/strong>die <strong>Ausbildung<\/strong> und die <strong>Unternehmensf\u00fcrsorge<\/strong>.<\/p>\n<h3>Human Resources Forum 2024: Programm und Hauptthemen<\/h3>\n<p>Die <strong>Forum f\u00fcr Humanressourcen<\/strong> wird sich in diesem Jahr auf zwei Tage voller Debatten und Reden erstrecken, wobei der Schwerpunkt auf neuen Trends im Zusammenhang mit der <strong>Arbeitsmarktreform<\/strong>. Die Sitzungen umfassen <strong>Talkshow<\/strong>, <strong>Rede zur Innovation<\/strong> e <strong>Thematische Tabellen<\/strong> die sich mit so wichtigen Fragen wie den folgenden befassen wird:<\/p>\n<ul>\n<li>Welches sind die besten technologischen und organisatorischen Instrumente f\u00fcr eine wirksame Verwaltung der <strong>Hybridarbeit<\/strong>?<\/li>\n<li>Wie k\u00f6nnen Unternehmen Top-Talente anziehen und binden, wenn die Bewerber sich f\u00fcr das Unternehmen entscheiden?<\/li>\n<li>Wie die <strong>Firmentraining<\/strong> sich weiterentwickelt, um auf die Ver\u00e4nderungen auf dem Arbeitsmarkt zu reagieren?<\/li>\n<li>Was sind die neuen Initiativen der <strong>Unternehmensf\u00fcrsorge<\/strong> e <strong>Wohlbefinden<\/strong> die von Unternehmen eingef\u00fchrt wurden, um das Wohlergehen der Arbeitnehmer zu verbessern?<\/li>\n<li>Was ist die Rolle der <strong>digital<\/strong> bei der Unterst\u00fctzung dieser Umwandlungen?<\/li>\n<\/ul>\n<h3>Thematischer Tisch | Organisation &amp; IA - 20. November, 11:45-13:00<\/h3>\n<p><strong>Massimo Genua<\/strong>CEO von Alveria, wird die Leitung des <strong>Thematische Tabelle<\/strong> zum Thema \"Organisation &amp; IA: <strong>Wird k\u00fcnstliche Intelligenz uns die Arbeitspl\u00e4tze wegnehmen?<\/strong> F\u00fcr eine intelligente Nutzung der Technologie in Organisationen\". In diesem Diskussionsbereich werden die Auswirkungen der<strong>k\u00fcnstliche Intelligenz<\/strong> \u00fcber k\u00fcnftige Arbeitsszenarien und zeigt auf, wie ein strategischer Einsatz von Technologie die menschlichen F\u00e4higkeiten erg\u00e4nzen und das kreative Potenzial der Menschen in Unternehmen freisetzen kann.<\/p>\n<h3>Exklusives Interview | \"Die neuen Grenzen der digitalen Transformation von HR: der Fall JAKALA\" - 20. November, 14:55-15:25<\/h3>\n<p>Am Nachmittag, <strong>Massimo Genua<\/strong> wird der Dialog mit <strong>Christian Guerrini<\/strong>HR, Direktor f\u00fcr die Umwandlung von IT und Betrieb von <strong>Jakala<\/strong>um ein konkretes und erfolgreiches Beispiel f\u00fcr <strong>HR Digitale Transformation<\/strong>. Moderiert von <strong>Federico Luperi<\/strong>News Intelligence Direktor von <strong>Volocom<\/strong>Das Interview bietet konkrete Einblicke, wie digitale Technologie das Personalmanagement verbessern, Prozesse optimieren und Menschen in Unternehmen f\u00f6rdern kann.<\/p>\n<h3>Besuchen Sie den Alveria-Stand auf dem Human Resources Forum 2024<\/h3>\n<p>Das Team von <a href=\"https:\/\/www.alveria.it\/de\/\"><strong>Alveria<\/strong><\/a> wird mit einer <strong>Messestand<\/strong> w\u00e4hrend der beiden Tage der <strong>Forum Humanressourcen 2024<\/strong>. Es ist die perfekte Gelegenheit, unser Team kennenzulernen und die Themen eingehend zu diskutieren.<\/p>\n<p><strong>Verpassen Sie diese Chance nicht!<\/strong> Wir erwarten Sie am <strong>20. und 21. November 2024<\/strong> am <strong>Magna Pars Event Space | Via Tortona 15, Mailand<\/strong> f\u00fcr zwei Tage, die der Innovation in der <strong>Personalmanagement<\/strong>.<\/p>\n<p style=\"text-align: left;\"><a href=\"https:\/\/comunicazioneitaliana.it\/eventi\/1041\"><span class=\"button_label\">GESAMTPROGRAMM<\/span><\/a><\/p>\n<h3 style=\"text-align: left;\">Neueste Beitr\u00e4ge<\/h3>\n<ul style=\"text-align: left;\">\n<li class=\"post format-\"><a href=\"https:\/\/www.alveria.it\/de\/2024\/05\/12\/hr-tools-was-sind-die-besten-1267\/\"><img loading=\"lazy\" decoding=\"async\" class=\"scale-with-grid wp-post-image\" src=\"https:\/\/www.alveria.it\/wp-content\/uploads\/2024\/05\/Tools-per-hr-quali-sono-i-migliori-1.jpg\" sizes=\"auto, (max-width:767px) 480px, (max-width:1220px) 100vw, 1220px\" srcset=\"https:\/\/www.alveria.it\/wp-content\/uploads\/2024\/05\/Tools-per-hr-quali-sono-i-migliori-1.jpg 1280w, https:\/\/www.alveria.it\/wp-content\/uploads\/2024\/05\/Tools-per-hr-quali-sono-i-migliori-1-500x281.jpg 500w, https:\/\/www.alveria.it\/wp-content\/uploads\/2024\/05\/Tools-per-hr-quali-sono-i-migliori-1-1200x675.jpg 1200w, https:\/\/www.alveria.it\/wp-content\/uploads\/2024\/05\/Tools-per-hr-quali-sono-i-migliori-1-300x169.jpg 300w, https:\/\/www.alveria.it\/wp-content\/uploads\/2024\/05\/Tools-per-hr-quali-sono-i-migliori-1-768x432.jpg 768w, https:\/\/www.alveria.it\/wp-content\/uploads\/2024\/05\/Tools-per-hr-quali-sono-i-migliori-1-18x10.jpg 18w, https:\/\/www.alveria.it\/wp-content\/uploads\/2024\/05\/Tools-per-hr-quali-sono-i-migliori-1-133x75.jpg 133w, https:\/\/www.alveria.it\/wp-content\/uploads\/2024\/05\/Tools-per-hr-quali-sono-i-migliori-1-480x270.jpg 480w\" alt=\"\" width=\"1220\" height=\"686\" \/><span class=\"c\">0<\/span><strong>Digitalisierung<\/strong><br \/>\n<\/a><\/p>\n<h6>HR-Tools: Welche sind die besten?<\/h6>\n<p><span class=\"date\">12. Mai 2024<\/span><\/li>\n<li class=\"post format-\"><a href=\"https:\/\/www.alveria.it\/de\/2024\/03\/20\/hr-und-die-entwicklung-des-personalmanagements-2\/\"><img loading=\"lazy\" decoding=\"async\" class=\"scale-with-grid wp-post-image\" src=\"https:\/\/www.alveria.it\/wp-content\/uploads\/2024\/03\/Hr-e-Ai-levoluzione-che-passa-dalla-gestione-delle-risorse-umane.jpg\" sizes=\"auto, (max-width:767px) 480px, (max-width:1220px) 100vw, 1220px\" srcset=\"https:\/\/www.alveria.it\/wp-content\/uploads\/2024\/03\/Hr-e-Ai-levoluzione-che-passa-dalla-gestione-delle-risorse-umane.jpg 1280w, https:\/\/www.alveria.it\/wp-content\/uploads\/2024\/03\/Hr-e-Ai-levoluzione-che-passa-dalla-gestione-delle-risorse-umane-500x281.jpg 500w, https:\/\/www.alveria.it\/wp-content\/uploads\/2024\/03\/Hr-e-Ai-levoluzione-che-passa-dalla-gestione-delle-risorse-umane-1200x675.jpg 1200w, https:\/\/www.alveria.it\/wp-content\/uploads\/2024\/03\/Hr-e-Ai-levoluzione-che-passa-dalla-gestione-delle-risorse-umane-300x169.jpg 300w, https:\/\/www.alveria.it\/wp-content\/uploads\/2024\/03\/Hr-e-Ai-levoluzione-che-passa-dalla-gestione-delle-risorse-umane-768x432.jpg 768w, https:\/\/www.alveria.it\/wp-content\/uploads\/2024\/03\/Hr-e-Ai-levoluzione-che-passa-dalla-gestione-delle-risorse-umane-18x10.jpg 18w, https:\/\/www.alveria.it\/wp-content\/uploads\/2024\/03\/Hr-e-Ai-levoluzione-che-passa-dalla-gestione-delle-risorse-umane-133x75.jpg 133w, https:\/\/www.alveria.it\/wp-content\/uploads\/2024\/03\/Hr-e-Ai-levoluzione-che-passa-dalla-gestione-delle-risorse-umane-480x270.jpg 480w\" alt=\"\" width=\"1220\" height=\"686\" \/><span class=\"c\">0<\/span><strong>Personalwesen<\/strong><br \/>\n<\/a><\/p>\n<h6>HR und KI: die Entwicklung durch Personalmanagement<\/h6>\n<p><span class=\"date\">20. M\u00e4rz 2024<\/span><\/li>\n<li class=\"post format-\"><a href=\"https:\/\/www.alveria.it\/de\/2024\/02\/22\/die-grenzen-der-bewahrten-praktiken-fur-die-mitarbeitererfahrung-im-vergleich\/\"><img loading=\"lazy\" decoding=\"async\" class=\"scale-with-grid wp-post-image\" src=\"https:\/\/www.alveria.it\/wp-content\/uploads\/2024\/02\/Le-frontiere-dellemployee-experience-best-practice-a-confronto.jpg\" sizes=\"auto, (max-width:767px) 480px, (max-width:1220px) 100vw, 1220px\" srcset=\"https:\/\/www.alveria.it\/wp-content\/uploads\/2024\/02\/Le-frontiere-dellemployee-experience-best-practice-a-confronto.jpg 1280w, https:\/\/www.alveria.it\/wp-content\/uploads\/2024\/02\/Le-frontiere-dellemployee-experience-best-practice-a-confronto-500x281.jpg 500w, https:\/\/www.alveria.it\/wp-content\/uploads\/2024\/02\/Le-frontiere-dellemployee-experience-best-practice-a-confronto-1200x675.jpg 1200w, https:\/\/www.alveria.it\/wp-content\/uploads\/2024\/02\/Le-frontiere-dellemployee-experience-best-practice-a-confronto-300x169.jpg 300w, https:\/\/www.alveria.it\/wp-content\/uploads\/2024\/02\/Le-frontiere-dellemployee-experience-best-practice-a-confronto-768x432.jpg 768w, https:\/\/www.alveria.it\/wp-content\/uploads\/2024\/02\/Le-frontiere-dellemployee-experience-best-practice-a-confronto-18x10.jpg 18w, https:\/\/www.alveria.it\/wp-content\/uploads\/2024\/02\/Le-frontiere-dellemployee-experience-best-practice-a-confronto-133x75.jpg 133w, https:\/\/www.alveria.it\/wp-content\/uploads\/2024\/02\/Le-frontiere-dellemployee-experience-best-practice-a-confronto-480x270.jpg 480w\" alt=\"\" width=\"1220\" height=\"686\" \/><span class=\"c\">0<\/span><strong>Personalwesen<\/strong><br \/>\n<\/a><\/p>\n<h6>Grenzen der Mitarbeitererfahrung: Vergleich bew\u00e4hrter Verfahren<\/h6>\n<p><span class=\"date\">22. Februar 2024<\/span><\/li>\n<\/ul>\n<h3 style=\"text-align: left;\">Suche hier<\/h3>\n<p style=\"text-align: left;\">.path{fill:none;stroke-miterlimit:10;stroke-width:1.5px;}<br \/>\n<span class=\"mfn-close-icon icon_close\" tabindex=\"0\"><span class=\"icon\">\u2715<\/span><\/span><\/p>\n<h3 style=\"text-align: left;\">Beliebte Tags<\/h3>\n<p style=\"text-align: left;\"><a class=\"tag-cloud-link tag-link-44 tag-link-position-1\" style=\"font-size: 22pt;\" href=\"https:\/\/www.alveria.it\/de\/tag\/artikel\/\" aria-label=\"Artikel (6 St\u00fcck)\">Artikel<\/a><br \/>\n<a class=\"tag-cloud-link tag-link-45 tag-link-position-2\" style=\"font-size: 18.181818181818pt;\" href=\"https:\/\/www.alveria.it\/de\/tag\/fallstudie\/\" aria-label=\"Fallstudie (4 Elemente)\">Fallstudie<\/a><br \/>\n<a class=\"tag-cloud-link tag-link-46 tag-link-position-3\" style=\"font-size: 15.636363636364pt;\" href=\"https:\/\/www.alveria.it\/de\/tag\/in-anwesenheit\/\" aria-label=\"Anwesend (3 Elemente)\">In Anwesenheit<\/a><br \/>\n<a class=\"tag-cloud-link tag-link-52 tag-link-position-4\" style=\"font-size: 20.218181818182pt;\" href=\"https:\/\/www.alveria.it\/de\/tag\/in-der-online-prasenz\/\" aria-label=\"In Anwesenheit\/online (5 Elemente)\">In Anwesenheit\/online<\/a><br \/>\n<a class=\"tag-cloud-link tag-link-47 tag-link-position-5\" style=\"font-size: 8pt;\" href=\"https:\/\/www.alveria.it\/de\/tag\/online\/\" aria-label=\"On Line (1 Artikel)\">Online<\/a><\/p>\n<h1 class=\"title\" style=\"text-align: left;\">BERATUNG, SCHULUNG ZUR DIGITALISIERUNG DES PERSONALWESENS UND UNTERNEHMENSL\u00d6SUNGEN ENTDECKEN SIE DIE ALVERIA-METHODE UND BEREITEN SIE SICH AUF DEN WANDEL VOR.<\/h1>\n<p style=\"text-align: left;\"><a class=\"button  button_size_2 button_dark\" title=\"\" href=\"\/de\/kontakte\/\"><span class=\"button_label\">WEITERE INFORMATIONEN ANFORDERN<\/span><\/a><\/p>","protected":false},"excerpt":{"rendered":"<p>Am 20. und 21. November wird Alveria als Content Partner auf dem 16. Human Resources Forum vertreten sein.<\/p>","protected":false},"author":2,"featured_media":1650,"comment_status":"open","ping_status":"open","sticky":false,"template":"","format":"standard","meta":{"iawp_total_views":29,"footnotes":""},"categories":[37],"tags":[46],"class_list":["post-1648","post","type-post","status-publish","format-standard","has-post-thumbnail","hentry","category-eventi","tag-in-presenza"],"yoast_head":"<!-- This site is optimized with the Yoast SEO plugin v27.5 - https:\/\/yoast.com\/product\/yoast-seo-wordpress\/ -->\n<title>Alveria \u00e8 Partner della 16\u00b0 Edizione del Forum Risorse Umane<\/title>\n<meta name=\"description\" content=\"Il 20 e 21 novembre Alveria sar\u00e0 presente, in qualit\u00e0 di Content Partner, alla 16\u00b0 Edizione del Forum Risorse Umane.\" \/>\n<meta name=\"robots\" content=\"index, follow, max-snippet:-1, max-image-preview:large, max-video-preview:-1\" \/>\n<link rel=\"canonical\" href=\"https:\/\/www.alveria.it\/de\/2024\/10\/21\/alveria-und-partner-des-16-human-resources-forum-1648\/\" \/>\n<meta property=\"og:locale\" content=\"de_DE\" \/>\n<meta property=\"og:type\" content=\"article\" \/>\n<meta property=\"og:title\" content=\"Alveria \u00e8 Partner della 16\u00b0 Edizione del Forum Risorse Umane\" \/>\n<meta property=\"og:description\" content=\"Il 20 e 21 novembre Alveria sar\u00e0 presente, in qualit\u00e0 di Content Partner, alla 16\u00b0 Edizione del Forum Risorse Umane.\" \/>\n<meta property=\"og:url\" content=\"https:\/\/www.alveria.it\/de\/2024\/10\/21\/alveria-und-partner-des-16-human-resources-forum-1648\/\" \/>\n<meta property=\"og:site_name\" content=\"Alveria - Consulting, Training and Solutions\" \/>\n<meta property=\"article:published_time\" content=\"2024-10-21T13:42:42+00:00\" \/>\n<meta property=\"article:modified_time\" content=\"2024-10-22T09:40:42+00:00\" \/>\n<meta property=\"og:image\" content=\"https:\/\/www.alveria.it\/wp-content\/uploads\/2024\/10\/Forum-Risorse-Umane-2024-Content-Partner-ALVERIA.jpg\" \/>\n\t<meta property=\"og:image:width\" content=\"1280\" \/>\n\t<meta property=\"og:image:height\" content=\"720\" \/>\n\t<meta property=\"og:image:type\" content=\"image\/jpeg\" \/>\n<meta name=\"author\" content=\"Roberta Sardo\" \/>\n<meta name=\"twitter:card\" content=\"summary_large_image\" \/>\n<meta name=\"twitter:label1\" content=\"Verfasst von\" \/>\n\t<meta name=\"twitter:data1\" content=\"Roberta Sardo\" \/>\n\t<meta name=\"twitter:label2\" content=\"Gesch\u00e4tzte Lesezeit\" \/>\n\t<meta name=\"twitter:data2\" content=\"1\u00a0Minute\" \/>\n<script type=\"application\/ld+json\" class=\"yoast-schema-graph\">{\"@context\":\"https:\\\/\\\/schema.org\",\"@graph\":[{\"@type\":\"Article\",\"@id\":\"https:\\\/\\\/www.alveria.it\\\/2024\\\/10\\\/21\\\/alveria-e-partner-della-16-edizione-del-forum-risorse-umane-1648\\\/#article\",\"isPartOf\":{\"@id\":\"https:\\\/\\\/www.alveria.it\\\/2024\\\/10\\\/21\\\/alveria-e-partner-della-16-edizione-del-forum-risorse-umane-1648\\\/\"},\"author\":{\"name\":\"Roberta Sardo\",\"@id\":\"https:\\\/\\\/www.alveria.it\\\/#\\\/schema\\\/person\\\/eb1f5cf33748eda0a88012759920cf51\"},\"headline\":\"ALVERIA \u00c8 PARTNER DELLA 16\u00b0 EDIZIONE DEL FORUM RISORSE UMANE\",\"datePublished\":\"2024-10-21T13:42:42+00:00\",\"dateModified\":\"2024-10-22T09:40:42+00:00\",\"mainEntityOfPage\":{\"@id\":\"https:\\\/\\\/www.alveria.it\\\/2024\\\/10\\\/21\\\/alveria-e-partner-della-16-edizione-del-forum-risorse-umane-1648\\\/\"},\"wordCount\":503,\"commentCount\":0,\"publisher\":{\"@id\":\"https:\\\/\\\/www.alveria.it\\\/#organization\"},\"image\":{\"@id\":\"https:\\\/\\\/www.alveria.it\\\/2024\\\/10\\\/21\\\/alveria-e-partner-della-16-edizione-del-forum-risorse-umane-1648\\\/#primaryimage\"},\"thumbnailUrl\":\"https:\\\/\\\/www.alveria.it\\\/wp-content\\\/uploads\\\/2024\\\/10\\\/Forum-Risorse-Umane-2024-Content-Partner-ALVERIA.jpg\",\"keywords\":[\"In presenza\"],\"articleSection\":[\"Eventi\"],\"inLanguage\":\"de\",\"potentialAction\":[{\"@type\":\"CommentAction\",\"name\":\"Comment\",\"target\":[\"https:\\\/\\\/www.alveria.it\\\/2024\\\/10\\\/21\\\/alveria-e-partner-della-16-edizione-del-forum-risorse-umane-1648\\\/#respond\"]}]},{\"@type\":\"WebPage\",\"@id\":\"https:\\\/\\\/www.alveria.it\\\/2024\\\/10\\\/21\\\/alveria-e-partner-della-16-edizione-del-forum-risorse-umane-1648\\\/\",\"url\":\"https:\\\/\\\/www.alveria.it\\\/2024\\\/10\\\/21\\\/alveria-e-partner-della-16-edizione-del-forum-risorse-umane-1648\\\/\",\"name\":\"Alveria \u00e8 Partner della 16\u00b0 Edizione del Forum Risorse Umane\",\"isPartOf\":{\"@id\":\"https:\\\/\\\/www.alveria.it\\\/#website\"},\"primaryImageOfPage\":{\"@id\":\"https:\\\/\\\/www.alveria.it\\\/2024\\\/10\\\/21\\\/alveria-e-partner-della-16-edizione-del-forum-risorse-umane-1648\\\/#primaryimage\"},\"image\":{\"@id\":\"https:\\\/\\\/www.alveria.it\\\/2024\\\/10\\\/21\\\/alveria-e-partner-della-16-edizione-del-forum-risorse-umane-1648\\\/#primaryimage\"},\"thumbnailUrl\":\"https:\\\/\\\/www.alveria.it\\\/wp-content\\\/uploads\\\/2024\\\/10\\\/Forum-Risorse-Umane-2024-Content-Partner-ALVERIA.jpg\",\"datePublished\":\"2024-10-21T13:42:42+00:00\",\"dateModified\":\"2024-10-22T09:40:42+00:00\",\"description\":\"Il 20 e 21 novembre Alveria sar\u00e0 presente, in qualit\u00e0 di Content Partner, alla 16\u00b0 Edizione del Forum Risorse Umane.\",\"breadcrumb\":{\"@id\":\"https:\\\/\\\/www.alveria.it\\\/2024\\\/10\\\/21\\\/alveria-e-partner-della-16-edizione-del-forum-risorse-umane-1648\\\/#breadcrumb\"},\"inLanguage\":\"de\",\"potentialAction\":[{\"@type\":\"ReadAction\",\"target\":[\"https:\\\/\\\/www.alveria.it\\\/2024\\\/10\\\/21\\\/alveria-e-partner-della-16-edizione-del-forum-risorse-umane-1648\\\/\"]}]},{\"@type\":\"ImageObject\",\"inLanguage\":\"de\",\"@id\":\"https:\\\/\\\/www.alveria.it\\\/2024\\\/10\\\/21\\\/alveria-e-partner-della-16-edizione-del-forum-risorse-umane-1648\\\/#primaryimage\",\"url\":\"https:\\\/\\\/www.alveria.it\\\/wp-content\\\/uploads\\\/2024\\\/10\\\/Forum-Risorse-Umane-2024-Content-Partner-ALVERIA.jpg\",\"contentUrl\":\"https:\\\/\\\/www.alveria.it\\\/wp-content\\\/uploads\\\/2024\\\/10\\\/Forum-Risorse-Umane-2024-Content-Partner-ALVERIA.jpg\",\"width\":1280,\"height\":720,\"caption\":\"Forum HR\"},{\"@type\":\"BreadcrumbList\",\"@id\":\"https:\\\/\\\/www.alveria.it\\\/2024\\\/10\\\/21\\\/alveria-e-partner-della-16-edizione-del-forum-risorse-umane-1648\\\/#breadcrumb\",\"itemListElement\":[{\"@type\":\"ListItem\",\"position\":1,\"name\":\"Home\",\"item\":\"https:\\\/\\\/www.alveria.it\\\/\"},{\"@type\":\"ListItem\",\"position\":2,\"name\":\"ALVERIA \u00c8 PARTNER DELLA 16\u00b0 EDIZIONE DEL FORUM RISORSE UMANE\"}]},{\"@type\":\"WebSite\",\"@id\":\"https:\\\/\\\/www.alveria.it\\\/#website\",\"url\":\"https:\\\/\\\/www.alveria.it\\\/\",\"name\":\"Alveria - Consulting, Training and Solutions\",\"description\":\"Alveria - Consulting, Training and Solutions\",\"publisher\":{\"@id\":\"https:\\\/\\\/www.alveria.it\\\/#organization\"},\"potentialAction\":[{\"@type\":\"SearchAction\",\"target\":{\"@type\":\"EntryPoint\",\"urlTemplate\":\"https:\\\/\\\/www.alveria.it\\\/?s={search_term_string}\"},\"query-input\":{\"@type\":\"PropertyValueSpecification\",\"valueRequired\":true,\"valueName\":\"search_term_string\"}}],\"inLanguage\":\"de\"},{\"@type\":\"Organization\",\"@id\":\"https:\\\/\\\/www.alveria.it\\\/#organization\",\"name\":\"Alveria - Consulting, Training and Solutions\",\"url\":\"https:\\\/\\\/www.alveria.it\\\/\",\"logo\":{\"@type\":\"ImageObject\",\"inLanguage\":\"de\",\"@id\":\"https:\\\/\\\/www.alveria.it\\\/#\\\/schema\\\/logo\\\/image\\\/\",\"url\":\"https:\\\/\\\/www.alveria.it\\\/wp-content\\\/uploads\\\/2023\\\/12\\\/logo_alveria_normal.svg\",\"contentUrl\":\"https:\\\/\\\/www.alveria.it\\\/wp-content\\\/uploads\\\/2023\\\/12\\\/logo_alveria_normal.svg\",\"caption\":\"Alveria - Consulting, Training and Solutions\"},\"image\":{\"@id\":\"https:\\\/\\\/www.alveria.it\\\/#\\\/schema\\\/logo\\\/image\\\/\"}},{\"@type\":\"Person\",\"@id\":\"https:\\\/\\\/www.alveria.it\\\/#\\\/schema\\\/person\\\/eb1f5cf33748eda0a88012759920cf51\",\"name\":\"Roberta Sardo\",\"image\":{\"@type\":\"ImageObject\",\"inLanguage\":\"de\",\"@id\":\"https:\\\/\\\/secure.gravatar.com\\\/avatar\\\/ffcbd455e7188a9cd16a40170583f8cd2979477ef912fe334fb7d03ea74580c4?s=96&d=mm&r=g\",\"url\":\"https:\\\/\\\/secure.gravatar.com\\\/avatar\\\/ffcbd455e7188a9cd16a40170583f8cd2979477ef912fe334fb7d03ea74580c4?s=96&d=mm&r=g\",\"contentUrl\":\"https:\\\/\\\/secure.gravatar.com\\\/avatar\\\/ffcbd455e7188a9cd16a40170583f8cd2979477ef912fe334fb7d03ea74580c4?s=96&d=mm&r=g\",\"caption\":\"Roberta Sardo\"}}]}<\/script>\n<!-- \/ Yoast SEO plugin. -->","yoast_head_json":{"title":"Alveria ist Partner des 16. Human Resources Forum","description":"Am 20. und 21. November wird Alveria als inhaltlicher Partner an der 16. Ausgabe des Human Resources Forum teilnehmen.","robots":{"index":"index","follow":"follow","max-snippet":"max-snippet:-1","max-image-preview":"max-image-preview:large","max-video-preview":"max-video-preview:-1"},"canonical":"https:\/\/www.alveria.it\/de\/2024\/10\/21\/alveria-und-partner-des-16-human-resources-forum-1648\/","og_locale":"de_DE","og_type":"article","og_title":"Alveria \u00e8 Partner della 16\u00b0 Edizione del Forum Risorse Umane","og_description":"Il 20 e 21 novembre Alveria sar\u00e0 presente, in qualit\u00e0 di Content Partner, alla 16\u00b0 Edizione del Forum Risorse Umane.","og_url":"https:\/\/www.alveria.it\/de\/2024\/10\/21\/alveria-und-partner-des-16-human-resources-forum-1648\/","og_site_name":"Alveria - Consulting, Training and Solutions","article_published_time":"2024-10-21T13:42:42+00:00","article_modified_time":"2024-10-22T09:40:42+00:00","og_image":[{"width":1280,"height":720,"url":"https:\/\/www.alveria.it\/wp-content\/uploads\/2024\/10\/Forum-Risorse-Umane-2024-Content-Partner-ALVERIA.jpg","type":"image\/jpeg"}],"author":"Roberta Sardo","twitter_card":"summary_large_image","twitter_misc":{"Verfasst von":"Roberta Sardo","Gesch\u00e4tzte Lesezeit":"1\u00a0Minute"},"schema":{"@context":"https:\/\/schema.org","@graph":[{"@type":"Article","@id":"https:\/\/www.alveria.it\/2024\/10\/21\/alveria-e-partner-della-16-edizione-del-forum-risorse-umane-1648\/#article","isPartOf":{"@id":"https:\/\/www.alveria.it\/2024\/10\/21\/alveria-e-partner-della-16-edizione-del-forum-risorse-umane-1648\/"},"author":{"name":"Roberta Sardo","@id":"https:\/\/www.alveria.it\/#\/schema\/person\/eb1f5cf33748eda0a88012759920cf51"},"headline":"ALVERIA \u00c8 PARTNER DELLA 16\u00b0 EDIZIONE DEL FORUM RISORSE UMANE","datePublished":"2024-10-21T13:42:42+00:00","dateModified":"2024-10-22T09:40:42+00:00","mainEntityOfPage":{"@id":"https:\/\/www.alveria.it\/2024\/10\/21\/alveria-e-partner-della-16-edizione-del-forum-risorse-umane-1648\/"},"wordCount":503,"commentCount":0,"publisher":{"@id":"https:\/\/www.alveria.it\/#organization"},"image":{"@id":"https:\/\/www.alveria.it\/2024\/10\/21\/alveria-e-partner-della-16-edizione-del-forum-risorse-umane-1648\/#primaryimage"},"thumbnailUrl":"https:\/\/www.alveria.it\/wp-content\/uploads\/2024\/10\/Forum-Risorse-Umane-2024-Content-Partner-ALVERIA.jpg","keywords":["In presenza"],"articleSection":["Eventi"],"inLanguage":"de","potentialAction":[{"@type":"CommentAction","name":"Comment","target":["https:\/\/www.alveria.it\/2024\/10\/21\/alveria-e-partner-della-16-edizione-del-forum-risorse-umane-1648\/#respond"]}]},{"@type":"WebPage","@id":"https:\/\/www.alveria.it\/2024\/10\/21\/alveria-e-partner-della-16-edizione-del-forum-risorse-umane-1648\/","url":"https:\/\/www.alveria.it\/2024\/10\/21\/alveria-e-partner-della-16-edizione-del-forum-risorse-umane-1648\/","name":"Alveria ist Partner des 16. Human Resources Forum","isPartOf":{"@id":"https:\/\/www.alveria.it\/#website"},"primaryImageOfPage":{"@id":"https:\/\/www.alveria.it\/2024\/10\/21\/alveria-e-partner-della-16-edizione-del-forum-risorse-umane-1648\/#primaryimage"},"image":{"@id":"https:\/\/www.alveria.it\/2024\/10\/21\/alveria-e-partner-della-16-edizione-del-forum-risorse-umane-1648\/#primaryimage"},"thumbnailUrl":"https:\/\/www.alveria.it\/wp-content\/uploads\/2024\/10\/Forum-Risorse-Umane-2024-Content-Partner-ALVERIA.jpg","datePublished":"2024-10-21T13:42:42+00:00","dateModified":"2024-10-22T09:40:42+00:00","description":"Am 20. und 21. November wird Alveria als inhaltlicher Partner an der 16. Ausgabe des Human Resources Forum teilnehmen.","breadcrumb":{"@id":"https:\/\/www.alveria.it\/2024\/10\/21\/alveria-e-partner-della-16-edizione-del-forum-risorse-umane-1648\/#breadcrumb"},"inLanguage":"de","potentialAction":[{"@type":"ReadAction","target":["https:\/\/www.alveria.it\/2024\/10\/21\/alveria-e-partner-della-16-edizione-del-forum-risorse-umane-1648\/"]}]},{"@type":"ImageObject","inLanguage":"de","@id":"https:\/\/www.alveria.it\/2024\/10\/21\/alveria-e-partner-della-16-edizione-del-forum-risorse-umane-1648\/#primaryimage","url":"https:\/\/www.alveria.it\/wp-content\/uploads\/2024\/10\/Forum-Risorse-Umane-2024-Content-Partner-ALVERIA.jpg","contentUrl":"https:\/\/www.alveria.it\/wp-content\/uploads\/2024\/10\/Forum-Risorse-Umane-2024-Content-Partner-ALVERIA.jpg","width":1280,"height":720,"caption":"Forum HR"},{"@type":"BreadcrumbList","@id":"https:\/\/www.alveria.it\/2024\/10\/21\/alveria-e-partner-della-16-edizione-del-forum-risorse-umane-1648\/#breadcrumb","itemListElement":[{"@type":"ListItem","position":1,"name":"Home","item":"https:\/\/www.alveria.it\/"},{"@type":"ListItem","position":2,"name":"ALVERIA \u00c8 PARTNER DELLA 16\u00b0 EDIZIONE DEL FORUM RISORSE UMANE"}]},{"@type":"WebSite","@id":"https:\/\/www.alveria.it\/#website","url":"https:\/\/www.alveria.it\/","name":"Alveria - Beratung, Schulung und L\u00f6sungen","description":"Alveria - Beratung, Schulung und L\u00f6sungen","publisher":{"@id":"https:\/\/www.alveria.it\/#organization"},"potentialAction":[{"@type":"SearchAction","target":{"@type":"EntryPoint","urlTemplate":"https:\/\/www.alveria.it\/?s={search_term_string}"},"query-input":{"@type":"PropertyValueSpecification","valueRequired":true,"valueName":"search_term_string"}}],"inLanguage":"de"},{"@type":"Organization","@id":"https:\/\/www.alveria.it\/#organization","name":"Alveria - Beratung, Schulung und L\u00f6sungen","url":"https:\/\/www.alveria.it\/","logo":{"@type":"ImageObject","inLanguage":"de","@id":"https:\/\/www.alveria.it\/#\/schema\/logo\/image\/","url":"https:\/\/www.alveria.it\/wp-content\/uploads\/2023\/12\/logo_alveria_normal.svg","contentUrl":"https:\/\/www.alveria.it\/wp-content\/uploads\/2023\/12\/logo_alveria_normal.svg","caption":"Alveria - Consulting, Training and Solutions"},"image":{"@id":"https:\/\/www.alveria.it\/#\/schema\/logo\/image\/"}},{"@type":"Person","@id":"https:\/\/www.alveria.it\/#\/schema\/person\/eb1f5cf33748eda0a88012759920cf51","name":"Roberta Sardo","image":{"@type":"ImageObject","inLanguage":"de","@id":"https:\/\/secure.gravatar.com\/avatar\/ffcbd455e7188a9cd16a40170583f8cd2979477ef912fe334fb7d03ea74580c4?s=96&d=mm&r=g","url":"https:\/\/secure.gravatar.com\/avatar\/ffcbd455e7188a9cd16a40170583f8cd2979477ef912fe334fb7d03ea74580c4?s=96&d=mm&r=g","contentUrl":"https:\/\/secure.gravatar.com\/avatar\/ffcbd455e7188a9cd16a40170583f8cd2979477ef912fe334fb7d03ea74580c4?s=96&d=mm&r=g","caption":"Roberta Sardo"}}]}},"_links":{"self":[{"href":"https:\/\/www.alveria.it\/de\/wp-json\/wp\/v2\/posts\/1648","targetHints":{"allow":["GET"]}}],"collection":[{"href":"https:\/\/www.alveria.it\/de\/wp-json\/wp\/v2\/posts"}],"about":[{"href":"https:\/\/www.alveria.it\/de\/wp-json\/wp\/v2\/types\/post"}],"author":[{"embeddable":true,"href":"https:\/\/www.alveria.it\/de\/wp-json\/wp\/v2\/users\/2"}],"replies":[{"embeddable":true,"href":"https:\/\/www.alveria.it\/de\/wp-json\/wp\/v2\/comments?post=1648"}],"version-history":[{"count":2,"href":"https:\/\/www.alveria.it\/de\/wp-json\/wp\/v2\/posts\/1648\/revisions"}],"predecessor-version":[{"id":1651,"href":"https:\/\/www.alveria.it\/de\/wp-json\/wp\/v2\/posts\/1648\/revisions\/1651"}],"wp:featuredmedia":[{"embeddable":true,"href":"https:\/\/www.alveria.it\/de\/wp-json\/wp\/v2\/media\/1650"}],"wp:attachment":[{"href":"https:\/\/www.alveria.it\/de\/wp-json\/wp\/v2\/media?parent=1648"}],"wp:term":[{"taxonomy":"category","embeddable":true,"href":"https:\/\/www.alveria.it\/de\/wp-json\/wp\/v2\/categories?post=1648"},{"taxonomy":"post_tag","embeddable":true,"href":"https:\/\/www.alveria.it\/de\/wp-json\/wp\/v2\/tags?post=1648"}],"curies":[{"name":"wp","href":"https:\/\/api.w.org\/{rel}","templated":true}]}}