{"id":1060,"date":"2023-11-13T10:45:10","date_gmt":"2023-11-13T10:45:10","guid":{"rendered":"https:\/\/www.alveria.it\/?p=1060"},"modified":"2024-05-19T12:21:48","modified_gmt":"2024-05-19T12:21:48","slug":"die-bedeutung-der-it-sicherheit-im-unternehmensumfeld","status":"publish","type":"post","link":"https:\/\/www.alveria.it\/de\/2023\/11\/13\/limportanza-della-sicurezza-informatica-in-ambito-aziendale\/","title":{"rendered":"DIE BEDEUTUNG DER IT-SICHERHEIT IN DER UNTERNEHMENSUMGEBUNG"},"content":{"rendered":"<p style=\"text-align: justify;\"><strong>Die Bedeutung der Computersicherheit<\/strong>beim Schutz sensibler Unternehmensdaten, ist ein <strong>wichtiger Faktor<\/strong>f\u00fcr Unternehmen, die sich zur Einhaltung der geltenden Datenschutzbestimmungen verpflichten, nicht mehr unbedeutend.<\/p>\n<p style=\"text-align: justify;\" class=\"translation-block\">Die Vernetzung und die <strong>gro\u00dfe Menge an Online-Daten<\/strong> machen es erforderlich, dass Unternehmen sich selbst und ihre Stakeholder<\/strong> sch\u00fctzen, nicht nur, um im Falle eines Diebstahls sensibler Daten einen schweren Imageschaden zu vermeiden, sondern auch, um erhebliche finanzielle Verluste im Zusammenhang mit den Kosten f\u00fcr die Behebung des Schadens zu vermeiden. Nicht weniger wichtig sind der <strong>Schutz des geistigen Eigentums<\/strong>, das im Unternehmen geh\u00fctet wird, und die <strong>betriebliche Kontinuit\u00e4t<\/strong>, die durch eine, wenn auch nur vor\u00fcbergehende, Unzug\u00e4nglichkeit der Computersysteme untergraben w\u00fcrde.<\/p>\n<p style=\"text-align: justify;\" class=\"translation-block\">Um unangenehme Eindringlinge zu vermeiden und sich vor immer raffinierteren Cyber-Bedrohungen zu sch\u00fctzen, sind <strong>Unternehmen aufgerufen, in geeignete IT-Sicherheitsma\u00dfnahmen zu investieren und durch Schulungen, die das Bewusstsein sch\u00e4rfen und bew\u00e4hrte Praktiken bekannt machen, <\/strong>ein gr\u00f6\u00dferes Risikobewusstsein<\/strong> unter den Mitarbeitern des Unternehmens zu verbreiten.<\/p>\n<p style=\"text-align: justify;\" class=\"translation-block\"><strong>Bei Alveria<\/strong>, einem Beratungsunternehmen f\u00fcr die Digitalisierung von HR-Prozessen, <strong>glauben wir fest an die Bedeutung der Sicherheit<\/strong>. Deshalb entwickeln wir st\u00e4ndig <strong>Rahmenbedingungen f\u00fcr unsere propriet\u00e4re Software<\/strong> f\u00fcr das Personalmanagement, <strong>HCMS<\/strong> (Human Capital Management System) und unterziehen sie regelm\u00e4\u00dfig <strong>Schwachstellen- und Penetrationstests<\/strong>, um etwaige Schwachstellen<\/strong> zu erkennen und zu beseitigen, die einen unbefugten Zugang zu sensiblen Daten unserer Kunden erm\u00f6glichen k\u00f6nnten.<\/p>\n<p style=\"text-align: justify;\" class=\"translation-block\"><strong>Wir sch\u00e4tzen die Arbeit, die das Digital Security Festival<\/strong> f\u00fcr die Verbreitung der digitalen Kultur und der Cybersicherheit leistet, <strong>deshalb unterst\u00fctzen wir gerne seine Initiativen<\/strong>.<\/p>\n<p style=\"text-align: justify;\"><strong>Artikel ver\u00f6ffentlicht von: <\/strong><\/p>\n<p style=\"text-align: justify;\"><a href=\"https:\/\/www.digitalsecurityfestival.it\/alveria\/\">Festival f\u00fcr digitale Sicherheit<\/a><\/p>\n<h3>Neueste Beitr\u00e4ge<\/h3>\n<ul>\n<li class=\"post format-\"><a href=\"https:\/\/www.alveria.it\/de\/2024\/05\/12\/hr-tools-was-sind-die-besten-1267\/\"><img loading=\"lazy\" decoding=\"async\" class=\"scale-with-grid wp-post-image\" src=\"https:\/\/www.alveria.it\/wp-content\/uploads\/2024\/05\/Tools-per-hr-quali-sono-i-migliori-1.jpg\" sizes=\"auto, (max-width:767px) 480px, (max-width:1220px) 100vw, 1220px\" srcset=\"https:\/\/www.alveria.it\/wp-content\/uploads\/2024\/05\/Tools-per-hr-quali-sono-i-migliori-1.jpg 1280w, https:\/\/www.alveria.it\/wp-content\/uploads\/2024\/05\/Tools-per-hr-quali-sono-i-migliori-1-500x281.jpg 500w, https:\/\/www.alveria.it\/wp-content\/uploads\/2024\/05\/Tools-per-hr-quali-sono-i-migliori-1-1200x675.jpg 1200w, https:\/\/www.alveria.it\/wp-content\/uploads\/2024\/05\/Tools-per-hr-quali-sono-i-migliori-1-300x169.jpg 300w, https:\/\/www.alveria.it\/wp-content\/uploads\/2024\/05\/Tools-per-hr-quali-sono-i-migliori-1-768x432.jpg 768w, https:\/\/www.alveria.it\/wp-content\/uploads\/2024\/05\/Tools-per-hr-quali-sono-i-migliori-1-18x10.jpg 18w, https:\/\/www.alveria.it\/wp-content\/uploads\/2024\/05\/Tools-per-hr-quali-sono-i-migliori-1-133x75.jpg 133w, https:\/\/www.alveria.it\/wp-content\/uploads\/2024\/05\/Tools-per-hr-quali-sono-i-migliori-1-480x270.jpg 480w\" alt=\"\" width=\"1220\" height=\"686\" \/><span class=\"c\">0<\/span><strong>Digitalisierung<\/strong><br \/>\n<\/a><\/p>\n<h6>HR-Tools: Welche sind die besten?<\/h6>\n<p><span class=\"date\">12. Mai 2024<\/span><\/li>\n<li class=\"post format-\"><a href=\"https:\/\/www.alveria.it\/de\/2024\/03\/20\/hr-und-die-entwicklung-des-personalmanagements-2\/\"><img loading=\"lazy\" decoding=\"async\" class=\"scale-with-grid wp-post-image\" src=\"https:\/\/www.alveria.it\/wp-content\/uploads\/2024\/03\/Hr-e-Ai-levoluzione-che-passa-dalla-gestione-delle-risorse-umane.jpg\" sizes=\"auto, (max-width:767px) 480px, (max-width:1220px) 100vw, 1220px\" srcset=\"https:\/\/www.alveria.it\/wp-content\/uploads\/2024\/03\/Hr-e-Ai-levoluzione-che-passa-dalla-gestione-delle-risorse-umane.jpg 1280w, https:\/\/www.alveria.it\/wp-content\/uploads\/2024\/03\/Hr-e-Ai-levoluzione-che-passa-dalla-gestione-delle-risorse-umane-500x281.jpg 500w, https:\/\/www.alveria.it\/wp-content\/uploads\/2024\/03\/Hr-e-Ai-levoluzione-che-passa-dalla-gestione-delle-risorse-umane-1200x675.jpg 1200w, https:\/\/www.alveria.it\/wp-content\/uploads\/2024\/03\/Hr-e-Ai-levoluzione-che-passa-dalla-gestione-delle-risorse-umane-300x169.jpg 300w, https:\/\/www.alveria.it\/wp-content\/uploads\/2024\/03\/Hr-e-Ai-levoluzione-che-passa-dalla-gestione-delle-risorse-umane-768x432.jpg 768w, https:\/\/www.alveria.it\/wp-content\/uploads\/2024\/03\/Hr-e-Ai-levoluzione-che-passa-dalla-gestione-delle-risorse-umane-18x10.jpg 18w, https:\/\/www.alveria.it\/wp-content\/uploads\/2024\/03\/Hr-e-Ai-levoluzione-che-passa-dalla-gestione-delle-risorse-umane-133x75.jpg 133w, https:\/\/www.alveria.it\/wp-content\/uploads\/2024\/03\/Hr-e-Ai-levoluzione-che-passa-dalla-gestione-delle-risorse-umane-480x270.jpg 480w\" alt=\"\" width=\"1220\" height=\"686\" \/><span class=\"c\">0<\/span><strong>Personalwesen<\/strong><br \/>\n<\/a><\/p>\n<h6>HR und KI: die Entwicklung durch Personalmanagement<\/h6>\n<p><span class=\"date\">20. M\u00e4rz 2024<\/span><\/li>\n<li class=\"post format-\"><a href=\"https:\/\/www.alveria.it\/de\/2024\/02\/22\/die-grenzen-der-bewahrten-praktiken-fur-die-mitarbeitererfahrung-im-vergleich\/\"><img loading=\"lazy\" decoding=\"async\" class=\"scale-with-grid wp-post-image\" src=\"https:\/\/www.alveria.it\/wp-content\/uploads\/2024\/02\/Le-frontiere-dellemployee-experience-best-practice-a-confronto.jpg\" sizes=\"auto, (max-width:767px) 480px, (max-width:1220px) 100vw, 1220px\" srcset=\"https:\/\/www.alveria.it\/wp-content\/uploads\/2024\/02\/Le-frontiere-dellemployee-experience-best-practice-a-confronto.jpg 1280w, https:\/\/www.alveria.it\/wp-content\/uploads\/2024\/02\/Le-frontiere-dellemployee-experience-best-practice-a-confronto-500x281.jpg 500w, https:\/\/www.alveria.it\/wp-content\/uploads\/2024\/02\/Le-frontiere-dellemployee-experience-best-practice-a-confronto-1200x675.jpg 1200w, https:\/\/www.alveria.it\/wp-content\/uploads\/2024\/02\/Le-frontiere-dellemployee-experience-best-practice-a-confronto-300x169.jpg 300w, https:\/\/www.alveria.it\/wp-content\/uploads\/2024\/02\/Le-frontiere-dellemployee-experience-best-practice-a-confronto-768x432.jpg 768w, https:\/\/www.alveria.it\/wp-content\/uploads\/2024\/02\/Le-frontiere-dellemployee-experience-best-practice-a-confronto-18x10.jpg 18w, https:\/\/www.alveria.it\/wp-content\/uploads\/2024\/02\/Le-frontiere-dellemployee-experience-best-practice-a-confronto-133x75.jpg 133w, https:\/\/www.alveria.it\/wp-content\/uploads\/2024\/02\/Le-frontiere-dellemployee-experience-best-practice-a-confronto-480x270.jpg 480w\" alt=\"\" width=\"1220\" height=\"686\" \/><span class=\"c\">0<\/span><strong>Personalwesen<\/strong><br \/>\n<\/a><\/p>\n<h6>Grenzen der Mitarbeitererfahrung: Vergleich bew\u00e4hrter Verfahren<\/h6>\n<p><span class=\"date\">22. Februar 2024<\/span><\/li>\n<\/ul>\n<h3>Suche hier<\/h3>\n<p>.path{fill:none;stroke-miterlimit:10;stroke-width:1.5px;}<br \/>\n<span class=\"mfn-close-icon icon_close\" tabindex=\"0\"><span class=\"icon\">\u2715<\/span><\/span><\/p>\n<h3>Beliebte Tags<\/h3>\n<p><a class=\"tag-cloud-link tag-link-44 tag-link-position-1\" style=\"font-size: 22pt;\" href=\"https:\/\/www.alveria.it\/de\/tag\/artikel\/\" aria-label=\"Artikel (6 St\u00fcck)\">Artikel<\/a><br \/>\n<a class=\"tag-cloud-link tag-link-45 tag-link-position-2\" style=\"font-size: 18.181818181818pt;\" href=\"https:\/\/www.alveria.it\/de\/tag\/fallstudie\/\" aria-label=\"Fallstudie (4 Elemente)\">Fallstudie<\/a><br \/>\n<a class=\"tag-cloud-link tag-link-46 tag-link-position-3\" style=\"font-size: 15.636363636364pt;\" href=\"https:\/\/www.alveria.it\/de\/tag\/in-anwesenheit\/\" aria-label=\"Anwesend (3 Elemente)\">In Anwesenheit<\/a><br \/>\n<a class=\"tag-cloud-link tag-link-52 tag-link-position-4\" style=\"font-size: 20.218181818182pt;\" href=\"https:\/\/www.alveria.it\/de\/tag\/in-der-online-prasenz\/\" aria-label=\"In Anwesenheit\/online (5 Elemente)\">In Anwesenheit\/online<\/a><br \/>\n<a class=\"tag-cloud-link tag-link-47 tag-link-position-5\" style=\"font-size: 8pt;\" href=\"https:\/\/www.alveria.it\/de\/tag\/online\/\" aria-label=\"On Line (1 Artikel)\">Online<\/a><\/p>\n<p class=\"title\">BERATUNG, SCHULUNG ZUR DIGITALISIERUNG DES PERSONALWESENS UND UNTERNEHMENSL\u00d6SUNGEN ENTDECKEN SIE DIE ALVERIA-METHODE UND BEREITEN SIE SICH AUF DEN WANDEL VOR.<\/p>\n<p><a class=\"button  button_size_2 button_dark\" title=\"\" href=\"\/de\/kontakte\/\"><span class=\"button_label\">WEITERE INFORMATIONEN ANFORDERN<\/span><\/a><\/p>","protected":false},"excerpt":{"rendered":"<p>Beitrag von Antonio D'Elia, Chief Security Officer von Alveria, zum Digital Security Festival 2023.<\/p>","protected":false},"author":2,"featured_media":1295,"comment_status":"open","ping_status":"open","sticky":false,"template":"","format":"standard","meta":{"iawp_total_views":64,"footnotes":""},"categories":[38],"tags":[],"class_list":["post-1060","post","type-post","status-publish","format-standard","has-post-thumbnail","hentry","category-alveriapress"],"yoast_head":"<!-- This site is optimized with the Yoast SEO plugin v27.5 - https:\/\/yoast.com\/product\/yoast-seo-wordpress\/ -->\n<title>L&#039;importanza della sicurezza informatica in ambito aziendale<\/title>\n<meta name=\"description\" content=\"La sicurezza informatica protegge i dati aziendali sensibili, prevenendo danni reputazionali e finanziari.\" \/>\n<meta name=\"robots\" content=\"index, follow, max-snippet:-1, max-image-preview:large, max-video-preview:-1\" \/>\n<link rel=\"canonical\" href=\"https:\/\/www.alveria.it\/de\/2023\/11\/13\/die-bedeutung-der-it-sicherheit-im-unternehmensumfeld\/\" \/>\n<meta property=\"og:locale\" content=\"de_DE\" \/>\n<meta property=\"og:type\" content=\"article\" \/>\n<meta property=\"og:title\" content=\"L&#039;importanza della sicurezza informatica in ambito aziendale\" \/>\n<meta property=\"og:description\" content=\"La sicurezza informatica protegge i dati aziendali sensibili, prevenendo danni reputazionali e finanziari.\" \/>\n<meta property=\"og:url\" content=\"https:\/\/www.alveria.it\/de\/2023\/11\/13\/die-bedeutung-der-it-sicherheit-im-unternehmensumfeld\/\" \/>\n<meta property=\"og:site_name\" content=\"Alveria - Consulting, Training and Solutions\" \/>\n<meta property=\"article:published_time\" content=\"2023-11-13T10:45:10+00:00\" \/>\n<meta property=\"article:modified_time\" content=\"2024-05-19T12:21:48+00:00\" \/>\n<meta property=\"og:image\" content=\"https:\/\/www.alveria.it\/wp-content\/uploads\/2023\/11\/Limportanza-della-sicurezza-in-ambito-informatico.jpg\" \/>\n\t<meta property=\"og:image:width\" content=\"1280\" \/>\n\t<meta property=\"og:image:height\" content=\"720\" \/>\n\t<meta property=\"og:image:type\" content=\"image\/jpeg\" \/>\n<meta name=\"author\" content=\"Roberta Sardo\" \/>\n<meta name=\"twitter:card\" content=\"summary_large_image\" \/>\n<meta name=\"twitter:label1\" content=\"Verfasst von\" \/>\n\t<meta name=\"twitter:data1\" content=\"Roberta Sardo\" \/>\n\t<meta name=\"twitter:label2\" content=\"Gesch\u00e4tzte Lesezeit\" \/>\n\t<meta name=\"twitter:data2\" content=\"3\u00a0Minuten\" \/>\n<script type=\"application\/ld+json\" class=\"yoast-schema-graph\">{\"@context\":\"https:\\\/\\\/schema.org\",\"@graph\":[{\"@type\":\"Article\",\"@id\":\"https:\\\/\\\/www.alveria.it\\\/2023\\\/11\\\/13\\\/limportanza-della-sicurezza-informatica-in-ambito-aziendale\\\/#article\",\"isPartOf\":{\"@id\":\"https:\\\/\\\/www.alveria.it\\\/2023\\\/11\\\/13\\\/limportanza-della-sicurezza-informatica-in-ambito-aziendale\\\/\"},\"author\":{\"name\":\"Roberta Sardo\",\"@id\":\"https:\\\/\\\/www.alveria.it\\\/#\\\/schema\\\/person\\\/eb1f5cf33748eda0a88012759920cf51\"},\"headline\":\"L\u2019IMPORTANZA DELLA SICUREZZA INFORMATICA IN AMBITO AZIENDALE\",\"datePublished\":\"2023-11-13T10:45:10+00:00\",\"dateModified\":\"2024-05-19T12:21:48+00:00\",\"mainEntityOfPage\":{\"@id\":\"https:\\\/\\\/www.alveria.it\\\/2023\\\/11\\\/13\\\/limportanza-della-sicurezza-informatica-in-ambito-aziendale\\\/\"},\"wordCount\":351,\"commentCount\":0,\"publisher\":{\"@id\":\"https:\\\/\\\/www.alveria.it\\\/#organization\"},\"image\":{\"@id\":\"https:\\\/\\\/www.alveria.it\\\/2023\\\/11\\\/13\\\/limportanza-della-sicurezza-informatica-in-ambito-aziendale\\\/#primaryimage\"},\"thumbnailUrl\":\"https:\\\/\\\/www.alveria.it\\\/wp-content\\\/uploads\\\/2023\\\/11\\\/Limportanza-della-sicurezza-in-ambito-informatico.jpg\",\"articleSection\":[\"Alveriapress\"],\"inLanguage\":\"de\",\"potentialAction\":[{\"@type\":\"CommentAction\",\"name\":\"Comment\",\"target\":[\"https:\\\/\\\/www.alveria.it\\\/2023\\\/11\\\/13\\\/limportanza-della-sicurezza-informatica-in-ambito-aziendale\\\/#respond\"]}]},{\"@type\":\"WebPage\",\"@id\":\"https:\\\/\\\/www.alveria.it\\\/2023\\\/11\\\/13\\\/limportanza-della-sicurezza-informatica-in-ambito-aziendale\\\/\",\"url\":\"https:\\\/\\\/www.alveria.it\\\/2023\\\/11\\\/13\\\/limportanza-della-sicurezza-informatica-in-ambito-aziendale\\\/\",\"name\":\"L'importanza della sicurezza informatica in ambito aziendale\",\"isPartOf\":{\"@id\":\"https:\\\/\\\/www.alveria.it\\\/#website\"},\"primaryImageOfPage\":{\"@id\":\"https:\\\/\\\/www.alveria.it\\\/2023\\\/11\\\/13\\\/limportanza-della-sicurezza-informatica-in-ambito-aziendale\\\/#primaryimage\"},\"image\":{\"@id\":\"https:\\\/\\\/www.alveria.it\\\/2023\\\/11\\\/13\\\/limportanza-della-sicurezza-informatica-in-ambito-aziendale\\\/#primaryimage\"},\"thumbnailUrl\":\"https:\\\/\\\/www.alveria.it\\\/wp-content\\\/uploads\\\/2023\\\/11\\\/Limportanza-della-sicurezza-in-ambito-informatico.jpg\",\"datePublished\":\"2023-11-13T10:45:10+00:00\",\"dateModified\":\"2024-05-19T12:21:48+00:00\",\"description\":\"La sicurezza informatica protegge i dati aziendali sensibili, prevenendo danni reputazionali e finanziari.\",\"breadcrumb\":{\"@id\":\"https:\\\/\\\/www.alveria.it\\\/2023\\\/11\\\/13\\\/limportanza-della-sicurezza-informatica-in-ambito-aziendale\\\/#breadcrumb\"},\"inLanguage\":\"de\",\"potentialAction\":[{\"@type\":\"ReadAction\",\"target\":[\"https:\\\/\\\/www.alveria.it\\\/2023\\\/11\\\/13\\\/limportanza-della-sicurezza-informatica-in-ambito-aziendale\\\/\"]}]},{\"@type\":\"ImageObject\",\"inLanguage\":\"de\",\"@id\":\"https:\\\/\\\/www.alveria.it\\\/2023\\\/11\\\/13\\\/limportanza-della-sicurezza-informatica-in-ambito-aziendale\\\/#primaryimage\",\"url\":\"https:\\\/\\\/www.alveria.it\\\/wp-content\\\/uploads\\\/2023\\\/11\\\/Limportanza-della-sicurezza-in-ambito-informatico.jpg\",\"contentUrl\":\"https:\\\/\\\/www.alveria.it\\\/wp-content\\\/uploads\\\/2023\\\/11\\\/Limportanza-della-sicurezza-in-ambito-informatico.jpg\",\"width\":1280,\"height\":720},{\"@type\":\"BreadcrumbList\",\"@id\":\"https:\\\/\\\/www.alveria.it\\\/2023\\\/11\\\/13\\\/limportanza-della-sicurezza-informatica-in-ambito-aziendale\\\/#breadcrumb\",\"itemListElement\":[{\"@type\":\"ListItem\",\"position\":1,\"name\":\"Home\",\"item\":\"https:\\\/\\\/www.alveria.it\\\/\"},{\"@type\":\"ListItem\",\"position\":2,\"name\":\"L\u2019IMPORTANZA DELLA SICUREZZA INFORMATICA IN AMBITO AZIENDALE\"}]},{\"@type\":\"WebSite\",\"@id\":\"https:\\\/\\\/www.alveria.it\\\/#website\",\"url\":\"https:\\\/\\\/www.alveria.it\\\/\",\"name\":\"Alveria - Consulting, Training and Solutions\",\"description\":\"Alveria - Consulting, Training and Solutions\",\"publisher\":{\"@id\":\"https:\\\/\\\/www.alveria.it\\\/#organization\"},\"potentialAction\":[{\"@type\":\"SearchAction\",\"target\":{\"@type\":\"EntryPoint\",\"urlTemplate\":\"https:\\\/\\\/www.alveria.it\\\/?s={search_term_string}\"},\"query-input\":{\"@type\":\"PropertyValueSpecification\",\"valueRequired\":true,\"valueName\":\"search_term_string\"}}],\"inLanguage\":\"de\"},{\"@type\":\"Organization\",\"@id\":\"https:\\\/\\\/www.alveria.it\\\/#organization\",\"name\":\"Alveria - Consulting, Training and Solutions\",\"url\":\"https:\\\/\\\/www.alveria.it\\\/\",\"logo\":{\"@type\":\"ImageObject\",\"inLanguage\":\"de\",\"@id\":\"https:\\\/\\\/www.alveria.it\\\/#\\\/schema\\\/logo\\\/image\\\/\",\"url\":\"https:\\\/\\\/www.alveria.it\\\/wp-content\\\/uploads\\\/2023\\\/12\\\/logo_alveria_normal.svg\",\"contentUrl\":\"https:\\\/\\\/www.alveria.it\\\/wp-content\\\/uploads\\\/2023\\\/12\\\/logo_alveria_normal.svg\",\"caption\":\"Alveria - Consulting, Training and Solutions\"},\"image\":{\"@id\":\"https:\\\/\\\/www.alveria.it\\\/#\\\/schema\\\/logo\\\/image\\\/\"}},{\"@type\":\"Person\",\"@id\":\"https:\\\/\\\/www.alveria.it\\\/#\\\/schema\\\/person\\\/eb1f5cf33748eda0a88012759920cf51\",\"name\":\"Roberta Sardo\",\"image\":{\"@type\":\"ImageObject\",\"inLanguage\":\"de\",\"@id\":\"https:\\\/\\\/secure.gravatar.com\\\/avatar\\\/ffcbd455e7188a9cd16a40170583f8cd2979477ef912fe334fb7d03ea74580c4?s=96&d=mm&r=g\",\"url\":\"https:\\\/\\\/secure.gravatar.com\\\/avatar\\\/ffcbd455e7188a9cd16a40170583f8cd2979477ef912fe334fb7d03ea74580c4?s=96&d=mm&r=g\",\"contentUrl\":\"https:\\\/\\\/secure.gravatar.com\\\/avatar\\\/ffcbd455e7188a9cd16a40170583f8cd2979477ef912fe334fb7d03ea74580c4?s=96&d=mm&r=g\",\"caption\":\"Roberta Sardo\"}}]}<\/script>\n<!-- \/ Yoast SEO plugin. -->","yoast_head_json":{"title":"Die Bedeutung der IT-Sicherheit im Unternehmensumfeld","description":"Die Cybersicherheit sch\u00fctzt sensible Unternehmensdaten und verhindert so Rufsch\u00e4digung und finanzielle Verluste.","robots":{"index":"index","follow":"follow","max-snippet":"max-snippet:-1","max-image-preview":"max-image-preview:large","max-video-preview":"max-video-preview:-1"},"canonical":"https:\/\/www.alveria.it\/de\/2023\/11\/13\/die-bedeutung-der-it-sicherheit-im-unternehmensumfeld\/","og_locale":"de_DE","og_type":"article","og_title":"L'importanza della sicurezza informatica in ambito aziendale","og_description":"La sicurezza informatica protegge i dati aziendali sensibili, prevenendo danni reputazionali e finanziari.","og_url":"https:\/\/www.alveria.it\/de\/2023\/11\/13\/die-bedeutung-der-it-sicherheit-im-unternehmensumfeld\/","og_site_name":"Alveria - Consulting, Training and Solutions","article_published_time":"2023-11-13T10:45:10+00:00","article_modified_time":"2024-05-19T12:21:48+00:00","og_image":[{"width":1280,"height":720,"url":"https:\/\/www.alveria.it\/wp-content\/uploads\/2023\/11\/Limportanza-della-sicurezza-in-ambito-informatico.jpg","type":"image\/jpeg"}],"author":"Roberta Sardo","twitter_card":"summary_large_image","twitter_misc":{"Verfasst von":"Roberta Sardo","Gesch\u00e4tzte Lesezeit":"3\u00a0Minuten"},"schema":{"@context":"https:\/\/schema.org","@graph":[{"@type":"Article","@id":"https:\/\/www.alveria.it\/2023\/11\/13\/limportanza-della-sicurezza-informatica-in-ambito-aziendale\/#article","isPartOf":{"@id":"https:\/\/www.alveria.it\/2023\/11\/13\/limportanza-della-sicurezza-informatica-in-ambito-aziendale\/"},"author":{"name":"Roberta Sardo","@id":"https:\/\/www.alveria.it\/#\/schema\/person\/eb1f5cf33748eda0a88012759920cf51"},"headline":"L\u2019IMPORTANZA DELLA SICUREZZA INFORMATICA IN AMBITO AZIENDALE","datePublished":"2023-11-13T10:45:10+00:00","dateModified":"2024-05-19T12:21:48+00:00","mainEntityOfPage":{"@id":"https:\/\/www.alveria.it\/2023\/11\/13\/limportanza-della-sicurezza-informatica-in-ambito-aziendale\/"},"wordCount":351,"commentCount":0,"publisher":{"@id":"https:\/\/www.alveria.it\/#organization"},"image":{"@id":"https:\/\/www.alveria.it\/2023\/11\/13\/limportanza-della-sicurezza-informatica-in-ambito-aziendale\/#primaryimage"},"thumbnailUrl":"https:\/\/www.alveria.it\/wp-content\/uploads\/2023\/11\/Limportanza-della-sicurezza-in-ambito-informatico.jpg","articleSection":["Alveriapress"],"inLanguage":"de","potentialAction":[{"@type":"CommentAction","name":"Comment","target":["https:\/\/www.alveria.it\/2023\/11\/13\/limportanza-della-sicurezza-informatica-in-ambito-aziendale\/#respond"]}]},{"@type":"WebPage","@id":"https:\/\/www.alveria.it\/2023\/11\/13\/limportanza-della-sicurezza-informatica-in-ambito-aziendale\/","url":"https:\/\/www.alveria.it\/2023\/11\/13\/limportanza-della-sicurezza-informatica-in-ambito-aziendale\/","name":"Die Bedeutung der IT-Sicherheit im Unternehmensumfeld","isPartOf":{"@id":"https:\/\/www.alveria.it\/#website"},"primaryImageOfPage":{"@id":"https:\/\/www.alveria.it\/2023\/11\/13\/limportanza-della-sicurezza-informatica-in-ambito-aziendale\/#primaryimage"},"image":{"@id":"https:\/\/www.alveria.it\/2023\/11\/13\/limportanza-della-sicurezza-informatica-in-ambito-aziendale\/#primaryimage"},"thumbnailUrl":"https:\/\/www.alveria.it\/wp-content\/uploads\/2023\/11\/Limportanza-della-sicurezza-in-ambito-informatico.jpg","datePublished":"2023-11-13T10:45:10+00:00","dateModified":"2024-05-19T12:21:48+00:00","description":"Die Cybersicherheit sch\u00fctzt sensible Unternehmensdaten und verhindert so Rufsch\u00e4digung und finanzielle Verluste.","breadcrumb":{"@id":"https:\/\/www.alveria.it\/2023\/11\/13\/limportanza-della-sicurezza-informatica-in-ambito-aziendale\/#breadcrumb"},"inLanguage":"de","potentialAction":[{"@type":"ReadAction","target":["https:\/\/www.alveria.it\/2023\/11\/13\/limportanza-della-sicurezza-informatica-in-ambito-aziendale\/"]}]},{"@type":"ImageObject","inLanguage":"de","@id":"https:\/\/www.alveria.it\/2023\/11\/13\/limportanza-della-sicurezza-informatica-in-ambito-aziendale\/#primaryimage","url":"https:\/\/www.alveria.it\/wp-content\/uploads\/2023\/11\/Limportanza-della-sicurezza-in-ambito-informatico.jpg","contentUrl":"https:\/\/www.alveria.it\/wp-content\/uploads\/2023\/11\/Limportanza-della-sicurezza-in-ambito-informatico.jpg","width":1280,"height":720},{"@type":"BreadcrumbList","@id":"https:\/\/www.alveria.it\/2023\/11\/13\/limportanza-della-sicurezza-informatica-in-ambito-aziendale\/#breadcrumb","itemListElement":[{"@type":"ListItem","position":1,"name":"Home","item":"https:\/\/www.alveria.it\/"},{"@type":"ListItem","position":2,"name":"L\u2019IMPORTANZA DELLA SICUREZZA INFORMATICA IN AMBITO AZIENDALE"}]},{"@type":"WebSite","@id":"https:\/\/www.alveria.it\/#website","url":"https:\/\/www.alveria.it\/","name":"Alveria - Beratung, Schulung und L\u00f6sungen","description":"Alveria - Beratung, Schulung und L\u00f6sungen","publisher":{"@id":"https:\/\/www.alveria.it\/#organization"},"potentialAction":[{"@type":"SearchAction","target":{"@type":"EntryPoint","urlTemplate":"https:\/\/www.alveria.it\/?s={search_term_string}"},"query-input":{"@type":"PropertyValueSpecification","valueRequired":true,"valueName":"search_term_string"}}],"inLanguage":"de"},{"@type":"Organization","@id":"https:\/\/www.alveria.it\/#organization","name":"Alveria - Beratung, Schulung und L\u00f6sungen","url":"https:\/\/www.alveria.it\/","logo":{"@type":"ImageObject","inLanguage":"de","@id":"https:\/\/www.alveria.it\/#\/schema\/logo\/image\/","url":"https:\/\/www.alveria.it\/wp-content\/uploads\/2023\/12\/logo_alveria_normal.svg","contentUrl":"https:\/\/www.alveria.it\/wp-content\/uploads\/2023\/12\/logo_alveria_normal.svg","caption":"Alveria - Consulting, Training and Solutions"},"image":{"@id":"https:\/\/www.alveria.it\/#\/schema\/logo\/image\/"}},{"@type":"Person","@id":"https:\/\/www.alveria.it\/#\/schema\/person\/eb1f5cf33748eda0a88012759920cf51","name":"Roberta Sardo","image":{"@type":"ImageObject","inLanguage":"de","@id":"https:\/\/secure.gravatar.com\/avatar\/ffcbd455e7188a9cd16a40170583f8cd2979477ef912fe334fb7d03ea74580c4?s=96&d=mm&r=g","url":"https:\/\/secure.gravatar.com\/avatar\/ffcbd455e7188a9cd16a40170583f8cd2979477ef912fe334fb7d03ea74580c4?s=96&d=mm&r=g","contentUrl":"https:\/\/secure.gravatar.com\/avatar\/ffcbd455e7188a9cd16a40170583f8cd2979477ef912fe334fb7d03ea74580c4?s=96&d=mm&r=g","caption":"Roberta Sardo"}}]}},"_links":{"self":[{"href":"https:\/\/www.alveria.it\/de\/wp-json\/wp\/v2\/posts\/1060","targetHints":{"allow":["GET"]}}],"collection":[{"href":"https:\/\/www.alveria.it\/de\/wp-json\/wp\/v2\/posts"}],"about":[{"href":"https:\/\/www.alveria.it\/de\/wp-json\/wp\/v2\/types\/post"}],"author":[{"embeddable":true,"href":"https:\/\/www.alveria.it\/de\/wp-json\/wp\/v2\/users\/2"}],"replies":[{"embeddable":true,"href":"https:\/\/www.alveria.it\/de\/wp-json\/wp\/v2\/comments?post=1060"}],"version-history":[{"count":3,"href":"https:\/\/www.alveria.it\/de\/wp-json\/wp\/v2\/posts\/1060\/revisions"}],"predecessor-version":[{"id":1400,"href":"https:\/\/www.alveria.it\/de\/wp-json\/wp\/v2\/posts\/1060\/revisions\/1400"}],"wp:featuredmedia":[{"embeddable":true,"href":"https:\/\/www.alveria.it\/de\/wp-json\/wp\/v2\/media\/1295"}],"wp:attachment":[{"href":"https:\/\/www.alveria.it\/de\/wp-json\/wp\/v2\/media?parent=1060"}],"wp:term":[{"taxonomy":"category","embeddable":true,"href":"https:\/\/www.alveria.it\/de\/wp-json\/wp\/v2\/categories?post=1060"},{"taxonomy":"post_tag","embeddable":true,"href":"https:\/\/www.alveria.it\/de\/wp-json\/wp\/v2\/tags?post=1060"}],"curies":[{"name":"wp","href":"https:\/\/api.w.org\/{rel}","templated":true}]}}